[{"@context":"https:\/\/schema.org\/","@type":"Article","@id":"https:\/\/www.branavedeni.cz\/cit-pro-detail-se-v-zenach-nezapre\/#Article","mainEntityOfPage":"https:\/\/www.branavedeni.cz\/cit-pro-detail-se-v-zenach-nezapre\/","headline":"Cit pro detail se v \u017een\u00e1ch nezap\u0159e","name":"Cit pro detail se v \u017een\u00e1ch nezap\u0159e","description":"Zajist\u00e9, \u017ee jsou to pr\u00e1v\u011b \u017eeny, kter\u00e9 maj\u00ed c\u00edt\u011bn\u00ed pro v\u0161echny mali\u010dkosti, kter\u00e9 vytv\u00e1\u0159\u00ed ze v\u0161eho &ndash; prakticky dokonal\u00fd celek. P\u0159irozen\u011b ho nos\u00ed v sob\u011b <a class=\"mh-excerpt-more\" href=\"https:\/\/www.branavedeni.cz\/cit-pro-detail-se-v-zenach-nezapre\/\" title=\"Cit pro detail se v \u017een\u00e1ch nezap\u0159e\">[...]<\/a>","datePublished":"2017-10-28","dateModified":"2023-05-05","author":{"@type":"Person","@id":"https:\/\/www.branavedeni.cz\/author\/#Person","name":"branavedeni.cz\n","url":"https:\/\/www.branavedeni.cz\/author\/","identifier":1,"image":{"@type":"ImageObject","@id":"https:\/\/secure.gravatar.com\/avatar\/40308b9402d145b1dc164f447b6506e9dadca8c8362c3ffb52df95e789c0fd10?s=96&d=mm&r=g","url":"https:\/\/secure.gravatar.com\/avatar\/40308b9402d145b1dc164f447b6506e9dadca8c8362c3ffb52df95e789c0fd10?s=96&d=mm&r=g","height":96,"width":96}},"publisher":{"@type":"Organization","name":"branavedeni.cz","logo":{"@type":"ImageObject","@id":"\/logo.png","url":"\/logo.png","width":600,"height":60}},"image":{"@type":"ImageObject","@id":"https:\/\/branavedeni.cz\/wp-content\/uploads\/img_a328550_w2301_t1540755933.jpg","url":"https:\/\/branavedeni.cz\/wp-content\/uploads\/img_a328550_w2301_t1540755933.jpg","height":"","width":""},"url":"https:\/\/www.branavedeni.cz\/cit-pro-detail-se-v-zenach-nezapre\/","about":["Neza\u0159azen\u00e9"],"wordCount":406,"articleBody":"Zajist\u00e9, \u017ee jsou to pr\u00e1v\u011b \u017eeny, kter\u00e9 maj\u00ed c\u00edt\u011bn\u00ed pro v\u0161echny mali\u010dkosti, kter\u00e9 vytv\u00e1\u0159\u00ed ze v\u0161eho &ndash; prakticky dokonal\u00fd celek. P\u0159irozen\u011b ho nos\u00ed v sob\u011b a nadev\u0161e miluj\u00ed, pokud ho m\u016f\u017eou naplno projevit na sob\u011b, v dom\u00e1cnosti, ale t\u0159eba i v pr\u00e1ci.\tPro\u010d \u017eeny vypadaj\u00ed tak \u00fachvatn\u011b?\tD\u00edky tomu, jak se dok\u00e1\u017eou postarat o to, aby v\u0161e zapadlo do sebe jako puzzle. V\u017edy si jejich vzhled vylad\u00ed tak, aby \u017e\u00e1dn\u00fd detail nez\u016fstal bez pov\u0161imnut\u00ed. A to od hlavy a\u017e k pat\u011b. Nejen d\u00edky jejich vkusu, ale i smyslu pro detail, se v\u017edy postaraj\u00ed o to, aby v pr\u016fb\u011bhu dne nez\u016fstaly bez v\u0161\u00edmav\u00fdch pohled\u016f jejich okol\u00ed.\tDbaj\u00ed samoz\u0159ejm\u011b i na n\u00e1v\u0161t\u011bvy kosmetick\u00fdch sal\u00f3n\u016f. Od \u010di\u0161t\u011bn\u00ed pleti, kade\u0159nice, a\u017e po \u00fapravu obo\u010d\u00ed a neht\u016f, se dopracuj\u00ed k tomu, \u010demu se \u0159\u00edk\u00e1 kr\u00e1sa &ndash; do slova a do p\u00edsmene.\tZa\u0159izov\u00e1n\u00ed dom\u00e1cnosti\tDekorace a dopl\u0148ky do bytu r\u016fzn\u00e9ho zam\u011b\u0159en\u00ed, jsou \u017een\u00e1m velmi bl\u00edzk\u00e9. Jestli jste n\u011bkdy natrefili na dom\u00e1cnost va\u0161ich zn\u00e1m\u00fdch, kter\u00e1 byla ve v\u0161ech ohledech vylad\u011bn\u00e1 do dokonalosti, pravd\u011bpodobn\u011b to bude \u017eenskou z\u00e1sluhou.\t\u017den\u00e1m toti\u017e n\u00e1bytek nesta\u010d\u00ed, cht\u011bj\u00ed m\u00edt \u00fatuln\u00fd a harmonick\u00fd domov a v\u011bd\u00ed, \u017ee s trochou pomoci, ho lze za\u0159\u00eddit snadno a sou\u010dasn\u011b i levn\u011b. N\u011bkolik vis\u00edc\u00edch dekorativn\u00edch ozdob, z\u00e1clon nebo fotografi\u00ed rodiny, m\u016f\u017eou z p\u0159edchoz\u00edho bytu ud\u011blat domov, do kter\u00e9ho se v\u0161ichni \u010dlenov\u00e9 rodiny budou r\u00e1di vracet.\t\tV pracovn\u00ed dob\u011b nikdy nezah\u00e1l\u00ed\tJejich originalitu lze vyu\u017e\u00edt i v pracovn\u00edm prost\u0159ed\u00ed. Jsou kreativn\u00ed, n\u00e1padit\u00e9 a pom\u011brn\u011b zru\u010dn\u00e9, tak\u017ee si m\u016f\u017eou zp\u0159\u00edjemnit i m\u00edstnost nebo prost\u0159ed\u00ed, ve kter\u00e9m tr\u00e1v\u00ed ka\u017ed\u00fd den \u010das.\tPokud se cht\u011bj\u00ed anga\u017eovat o n\u011bco v\u00edce, p\u0159edem si vyb\u00edraj\u00ed pracovn\u00ed pozice, kter\u00e9 jim umo\u017en\u00ed pracovat s jejich fantazi\u00ed. Jsou to pozice, jak\u00fdmi jsou design\u00e9rka, m\u00f3dn\u00ed n\u00e1vrh\u00e1\u0159ka nebo i kosmeti\u010dka. V nich maj\u00ed mo\u017enost seberealizace a takt\u00e9\u017e prostor k tomu, trochu se odv\u00e1zat a pustit uzdu jejich fantazie ven a naplno.                                                                                                                                                                                                                                                                                                                                                                                        4.4\/5 - (7 votes)        "},{"@context":"https:\/\/schema.org\/","@type":"BreadcrumbList","itemListElement":[{"@type":"ListItem","position":1,"name":"Cit pro detail se v \u017een\u00e1ch nezap\u0159e","item":"https:\/\/www.branavedeni.cz\/cit-pro-detail-se-v-zenach-nezapre\/#breadcrumbitem"}]}]