[{"@context":"https:\/\/schema.org\/","@type":"Article","@id":"https:\/\/www.branavedeni.cz\/dovolena-v-duchu-rozhrani-cech-a-moravy\/#Article","mainEntityOfPage":"https:\/\/www.branavedeni.cz\/dovolena-v-duchu-rozhrani-cech-a-moravy\/","headline":"Dovolen\u00e1 v duchu rozhran\u00ed \u010cech a Moravy","name":"Dovolen\u00e1 v duchu rozhran\u00ed \u010cech a Moravy","description":"\u010cesk\u00e1 republika je souhrnem t\u0159\u00ed z\u00e1kladn\u00edch historick\u00fdch \u00fazemn\u00edch celk\u016f \u2013 zem\u011b \u010cesk\u00e9, Slezska a Moravy. Ka\u017ed\u00fd z\u00a0nich je osobit\u00fd a vytv\u00e1\u0159\u00ed sv\u00e9 vlastn\u00ed kulturn\u00ed d\u011bdictv\u00ed <a class=\"mh-excerpt-more\" href=\"https:\/\/www.branavedeni.cz\/dovolena-v-duchu-rozhrani-cech-a-moravy\/\" title=\"Dovolen\u00e1 v duchu rozhran\u00ed \u010cech a Moravy\">[...]<\/a>","datePublished":"2018-03-11","dateModified":"2023-05-05","author":{"@type":"Person","@id":"https:\/\/www.branavedeni.cz\/author\/#Person","name":"branavedeni.cz\n","url":"https:\/\/www.branavedeni.cz\/author\/","identifier":1,"image":{"@type":"ImageObject","@id":"https:\/\/secure.gravatar.com\/avatar\/40308b9402d145b1dc164f447b6506e9dadca8c8362c3ffb52df95e789c0fd10?s=96&d=mm&r=g","url":"https:\/\/secure.gravatar.com\/avatar\/40308b9402d145b1dc164f447b6506e9dadca8c8362c3ffb52df95e789c0fd10?s=96&d=mm&r=g","height":96,"width":96}},"publisher":{"@type":"Organization","name":"branavedeni.cz","logo":{"@type":"ImageObject","@id":"\/logo.png","url":"\/logo.png","width":600,"height":60}},"image":{"@type":"ImageObject","@id":"https:\/\/branavedeni.cz\/wp-content\/uploads\/img_a339081_w2212_t1552303664.jpg","url":"https:\/\/branavedeni.cz\/wp-content\/uploads\/img_a339081_w2212_t1552303664.jpg","height":"","width":""},"url":"https:\/\/www.branavedeni.cz\/dovolena-v-duchu-rozhrani-cech-a-moravy\/","about":["Neza\u0159azen\u00e9"],"wordCount":398,"articleBody":"\u010cesk\u00e1 republika je souhrnem t\u0159\u00ed z\u00e1kladn\u00edch historick\u00fdch \u00fazemn\u00edch celk\u016f \u2013 zem\u011b \u010cesk\u00e9, Slezska a Moravy. Ka\u017ed\u00fd z\u00a0nich je osobit\u00fd a vytv\u00e1\u0159\u00ed sv\u00e9 vlastn\u00ed kulturn\u00ed d\u011bdictv\u00ed na\u0161\u00ed zem\u011b. Z\u00a0tohoto pohledu je zaj\u00edmav\u00e9 zav\u00edtat do m\u00edst, kter\u00e1 tvo\u0159\u00ed p\u0159ed\u011bl, b\u00fdt zkr\u00e1tka tam, kde se vz\u00e1jemn\u011b prol\u00ednaly odli\u0161n\u00e9 \u017eivotn\u00ed styly. Tam, kde se odli\u0161nosti projevuj\u00ed v\u00a0architektu\u0159e, n\u00e1\u0159e\u010d\u00ed, lidov\u00fdch \u0159emeslech a kroj\u00edch a postoji k um\u011bn\u00ed.\tSmetanova Litomy\u0161l\tRodi\u0161t\u011b hudebn\u00edho skladatele, jeho\u017e cyklus symfonick\u00fdch b\u00e1sn\u00ed M\u00e1 vlast uchv\u00e1t\u00ed i p\u0159\u00edle\u017eitostn\u00e9ho poslucha\u010de v\u00e1\u017en\u00e9 hudby, zauj\u00edm\u00e1 strategickou polohu na rozhran\u00ed Moravy a \u010cech. Svou viz\u00e1\u017e\u00ed tak trochu p\u0159ipom\u00edn\u00e1 pra\u017esk\u00e9 k\u0159ivolak\u00e9 uli\u010dky na mal\u00e9 Stran\u011b, dominantn\u00ed je pak p\u0159edev\u0161\u00edm n\u00e1m\u011bst\u00ed s\u00a0podloub\u00edm a ran\u011b renesan\u010dn\u00ed z\u00e1mek obd\u00e9ln\u00edkov\u00e9ho p\u016fdorysu s\u00a0vnit\u0159n\u00edmi ark\u00e1dami.\tM\u016f\u017eete se nechat okouzlit zahradou ve francouzsk\u00e9m stylu z\u00a018. stolet\u00ed, vyzdobenou barokn\u00edmi a klasicistn\u00edmi sochami ztv\u00e1r\u0148uj\u00edc\u00edmi v\u00fdznamn\u00e9 mytologick\u00e9 v\u00fdjevy \u2013 Boha Apollona a Plutona a mnoh\u00e9 dal\u0161\u00ed. Z\u00a0t\u00e9\u017ee doby poch\u00e1z\u00ed i anglick\u00fd krajinn\u00fd park s\u00a0vodn\u00ed kask\u00e1dou v\u00a0um\u011bl\u00e9m korytu. Zaj\u00edmav\u00e9 je i tzv. Portmoneum, jde o d\u016fm sb\u011bratele um\u011bn\u00ed pana Portmana, jeho\u017e p\u0159\u00edtel mal\u00ed\u0159 a grafik Josef V\u00e1chal jeho p\u0159\u00edbytek vyzdobil zvl\u00e1\u0161tn\u00edmi n\u00e1st\u011bnn\u00fdmi freskami.\t\tTel\u010d\tMalebn\u00e1 krajina Novohradsk\u00fdch hor je p\u0159ed\u011blem mezi jiho\u010desk\u00fdm regionem a \u010ceskomoravskou vrchovinou. Jestli\u017ee se do tohoto \u201ezapomenut\u00e9ho\u201c koutu republiky vyd\u00e1te, zaujme v\u00e1s nedot\u010den\u00e1 kopcovit\u00e1 oblast, \u0159\u00eddce os\u00eddlen\u00e1, s\u00a0absenc\u00ed pr\u016fmyslu, p\u0159ezd\u00edv\u00e1na \u010dasto dle m\u00edstn\u00edch pom\u011br\u016f jako \u010cesk\u00e1 Kanada. Z\u00a0Jind\u0159ichova Hradce se vydejte sm\u011brem na v\u00fdchod, necel\u00fdch 40 kilometr\u016f odtud se vyj\u00edm\u00e1 p\u0159ekr\u00e1sn\u00e9 rozs\u00e1hl\u00e9 n\u00e1m\u011bst\u00ed vyzdoben\u00e9 renesan\u010dn\u00edmi fas\u00e1dami pr\u016f\u010del\u00ed dom\u016f a nekone\u010dn\u00fdm podloub\u00edm. Okouzl\u00ed v\u00e1s zvl\u00e1\u0161tn\u00ed fluidum m\u011bstsk\u00e9ho celku, kter\u00fd jakoby se vymykal sou\u010dasn\u00e9mu modern\u00edmu pojet\u00ed \u017eivota, v\u0161echno je tu jaksi zpomalen\u00e9, poklidn\u00e9, ostatn\u011b jako v\u011bt\u0161ina m\u00edst Vyso\u010diny.\t\u00a0                                                                                                                                                                                                                                                                                                                                                                                        4.2\/5 - (8 votes)        "},{"@context":"https:\/\/schema.org\/","@type":"BreadcrumbList","itemListElement":[{"@type":"ListItem","position":1,"name":"Dovolen\u00e1 v duchu rozhran\u00ed \u010cech a Moravy","item":"https:\/\/www.branavedeni.cz\/dovolena-v-duchu-rozhrani-cech-a-moravy\/#breadcrumbitem"}]}]