[{"@context":"https:\/\/schema.org\/","@type":"Article","@id":"https:\/\/www.branavedeni.cz\/kdyz-soudni-znalec-it-tak-profesional\/#Article","mainEntityOfPage":"https:\/\/www.branavedeni.cz\/kdyz-soudni-znalec-it-tak-profesional\/","headline":"Kdy\u017e soudn\u00ed znalec IT, tak profesion\u00e1l","name":"Kdy\u017e soudn\u00ed znalec IT, tak profesion\u00e1l","description":"Mysl&Atilde;&shy;te si, &Aring;&frac34;e n&Auml;&#8250;kdo zneu&Aring;&frac34;il va&Aring;&iexcl;e osobn&Atilde;&shy; &Atilde;&ordm;daje nebo dokonce celou identitu? Chcete zjistit, zda je tomu opravdu tak a pop&Aring;&#8482;&Atilde;&shy;pad&Auml;&#8250; ud&Auml;&#8250;lat znaleck&Atilde;&frac12; posudek, kter&Atilde;&frac12; <a class=\"mh-excerpt-more\" href=\"https:\/\/www.branavedeni.cz\/kdyz-soudni-znalec-it-tak-profesional\/\" title=\"Kdy\u017e soudn\u00ed znalec IT, tak profesion\u00e1l\">[...]<\/a>","datePublished":"2023-04-23","dateModified":"2024-04-29","author":{"@type":"Person","@id":"https:\/\/www.branavedeni.cz\/author\/#Person","name":"branavedeni.cz\n","url":"https:\/\/www.branavedeni.cz\/author\/","identifier":1,"image":{"@type":"ImageObject","@id":"https:\/\/secure.gravatar.com\/avatar\/40308b9402d145b1dc164f447b6506e9dadca8c8362c3ffb52df95e789c0fd10?s=96&d=mm&r=g","url":"https:\/\/secure.gravatar.com\/avatar\/40308b9402d145b1dc164f447b6506e9dadca8c8362c3ffb52df95e789c0fd10?s=96&d=mm&r=g","height":96,"width":96}},"publisher":{"@type":"Organization","name":"branavedeni.cz","logo":{"@type":"ImageObject","@id":"\/logo.png","url":"\/logo.png","width":600,"height":60}},"url":"https:\/\/www.branavedeni.cz\/kdyz-soudni-znalec-it-tak-profesional\/","wordCount":349,"articleBody":"Mysl&Atilde;&shy;te si, &Aring;&frac34;e n&Auml;&#8250;kdo zneu&Aring;&frac34;il va&Aring;&iexcl;e osobn&Atilde;&shy; &Atilde;&ordm;daje nebo dokonce celou identitu? Chcete zjistit, zda je tomu opravdu tak a pop&Aring;&#8482;&Atilde;&shy;pad&Auml;&#8250; ud&Auml;&#8250;lat znaleck&Atilde;&frac12; posudek, kter&Atilde;&frac12; toto v&Aring;&iexcl;echno dokazuje? Tak to byste se m&Auml;&#8250;li obr&Atilde;&iexcl;tit na profesion&Atilde;&iexcl;la, kter&Atilde;&frac12; se na tento obor specializuje. V &Auml;&#338;esk&Atilde;&copy; republice je jeden vysoce kvalifikovan&Atilde;&frac12; soudn&Atilde;&shy; znalec IT ICT Radek Bene&Aring;&iexcl;. Pokud se rozhodnete spolupracovat pr&Atilde;&iexcl;v&Auml;&#8250; se mnou, m&Aring;&macr;&Aring;&frac34;ete se spolehnout na to, &Aring;&frac34;e budete stoprocentn&Auml;&#8250; ve v&Aring;&iexcl;em spokojen&Atilde;&shy;. V&Aring;&frac34;dy odvedu svou pr&Atilde;&iexcl;ci tak, jak se odv&Atilde;&iexcl;d&Auml;&#8250;t m&Atilde;&iexcl; a nemus&Atilde;&shy;te se b&Atilde;&iexcl;t, &Aring;&frac34;e byste byli jakkoli nespokojen&Atilde;&shy;. Jednodu&Aring;&iexcl;e m&Auml;&#8250; kontaktujte a na v&Aring;&iexcl;em se dohodneme snadno a rychle.\tM&Atilde;&iexcl;m mnoho spokojen&Atilde;&frac12;ch klient&Aring;&macr;Dal&Aring;&iexcl;&Atilde;&shy; v&Atilde;&frac12;hodou spolupr&Atilde;&iexcl;ce se mnou je i ten fakt, &Aring;&frac34;e m&Atilde;&iexcl;m mnoho spokojen&Atilde;&frac12;ch klient&Aring;&macr;, kte&Aring;&#8482;&Atilde;&shy; se mnou spolupracovali. D&Atilde;&shy;ky tomu si i vy m&Aring;&macr;&Aring;&frac34;ete potvrdit to, &Aring;&frac34;e jsem doopravdy ten soudn&Atilde;&shy; znalec IT (ICT), kter&Atilde;&frac12; v&Atilde;&iexcl;m d&Atilde;&iexcl; p&Aring;&#8482;esn&Auml;&#8250; ty slu&Aring;&frac34;by, kter&Atilde;&copy; chcete a pot&Aring;&#8482;ebujete. Nev&Atilde;&iexcl;hejte a pod&Atilde;&shy;vejte se na moje internetov&Atilde;&copy; str&Atilde;&iexcl;nky, kde najdete mnoho dal&Aring;&iexcl;&Atilde;&shy;ch u&Aring;&frac34;ite&Auml;n&Atilde;&frac12;ch informac&Atilde;&shy;.                                                                                                                                                                                                                                                                                                                                                                                        4.6\/5 - (9 votes)        "},{"@context":"https:\/\/schema.org\/","@type":"BreadcrumbList","itemListElement":[{"@type":"ListItem","position":1,"name":"Kdy\u017e soudn\u00ed znalec IT, tak profesion\u00e1l","item":"https:\/\/www.branavedeni.cz\/kdyz-soudni-znalec-it-tak-profesional\/#breadcrumbitem"}]}]