[{"@context":"https:\/\/schema.org\/","@type":"Article","@id":"https:\/\/www.branavedeni.cz\/legendarni-sodikove-vybojky\/#Article","mainEntityOfPage":"https:\/\/www.branavedeni.cz\/legendarni-sodikove-vybojky\/","headline":"Legend\u00e1rn\u00ed sod\u00edkov\u00e9 v\u00fdbojky","name":"Legend\u00e1rn\u00ed sod\u00edkov\u00e9 v\u00fdbojky","description":"&#13; Sod\u00edkov\u00e9 v\u00fdbojky se staly v\u00a0na\u0161\u00ed zemi legendou, a i kdy\u017e se je sna\u017e\u00ed v\u00a0posledn\u00ed dob\u011b vytla\u010dit LED technologie, st\u00e1le maj\u00ed sv\u00e9 platn\u00e9 m\u00edsto na <a class=\"mh-excerpt-more\" href=\"https:\/\/www.branavedeni.cz\/legendarni-sodikove-vybojky\/\" title=\"Legend\u00e1rn\u00ed sod\u00edkov\u00e9 v\u00fdbojky\">[...]<\/a>","datePublished":"2017-12-29","dateModified":"2023-05-05","author":{"@type":"Person","@id":"https:\/\/www.branavedeni.cz\/author\/#Person","name":"branavedeni.cz\n","url":"https:\/\/www.branavedeni.cz\/author\/","identifier":1,"image":{"@type":"ImageObject","@id":"https:\/\/secure.gravatar.com\/avatar\/40308b9402d145b1dc164f447b6506e9dadca8c8362c3ffb52df95e789c0fd10?s=96&d=mm&r=g","url":"https:\/\/secure.gravatar.com\/avatar\/40308b9402d145b1dc164f447b6506e9dadca8c8362c3ffb52df95e789c0fd10?s=96&d=mm&r=g","height":96,"width":96}},"publisher":{"@type":"Organization","name":"branavedeni.cz","logo":{"@type":"ImageObject","@id":"\/logo.png","url":"\/logo.png","width":600,"height":60}},"image":{"@type":"ImageObject","@id":"https:\/\/branavedeni.cz\/wp-content\/uploads\/img_a332959_w2301_t1546111671.jpg","url":"https:\/\/branavedeni.cz\/wp-content\/uploads\/img_a332959_w2301_t1546111671.jpg","height":"","width":""},"url":"https:\/\/www.branavedeni.cz\/legendarni-sodikove-vybojky\/","about":["Neza\u0159azen\u00e9"],"wordCount":436,"articleBody":"&#13;\tSod\u00edkov\u00e9 v\u00fdbojky se staly v\u00a0na\u0161\u00ed zemi legendou, a i kdy\u017e se je sna\u017e\u00ed v\u00a0posledn\u00ed dob\u011b vytla\u010dit LED technologie, st\u00e1le maj\u00ed sv\u00e9 platn\u00e9 m\u00edsto na sc\u00e9n\u011b osv\u011btlovac\u00ed techniky. Pro\u010d tomu tak je a jak je mo\u017en\u00e9, \u017ee v\u00fdbojky \u00fasp\u011b\u0161n\u011b p\u0159e\u017e\u00edvaj\u00ed ji\u017e des\u00edtky let?&#13;&#13;\tZaveden\u00e1 v\u00fdroba&#13;N\u00edzk\u00e9 v\u00fdrobn\u00ed n\u00e1klady a zaveden\u00fd proces v\u00fdroby je t\u00edm hlavn\u00edm d\u016fvodem. \u017d\u00e1dn\u00fd jin\u00fd v\u00fdrobek, kter\u00fd by jim mohl konkurovat v\u00a0t\u00e9to oblasti, neexistuje. Pravda, polovodi\u010dov\u00e1 sv\u011btla maj\u00ed dnes ji\u017e obrovsk\u00fd potenci\u00e1l a mohou st\u00e1vaj\u00edc\u00ed osv\u011btlen\u00ed nahradit, p\u0159\u00edkladem je zaveden\u00ed diod ve Strahovsk\u00e9m a Zl\u00edchovsk\u00e9m tunelu, ale pom\u011br cena \u2013 v\u00fdkon st\u00e1le nen\u00ed takov\u00fd, \u017ee by byl jednozna\u010dn\u00fdm d\u016fvodem k\u00a0celoplo\u0161n\u00e9 v\u00fdm\u011bn\u011b ve\u0159ejn\u00e9ho osv\u011btlen\u00ed v\u00a0\u010cesk\u00e9 republice.&#13;\tKontroverzn\u00ed \u017eluto oran\u017eov\u00e9 sv\u011btlo&#13;Na barvu ve\u0159ejn\u00e9ho osv\u011btlen\u00ed jsme si ji\u017e zvykli. Odpov\u00edd\u00e1 na\u017eloutl\u00e9mu a\u017e m\u00edrn\u011b oran\u017eov\u00e9mu odst\u00ednu tepl\u00e9 barvy a osv\u011btlen\u00ed chodn\u00edk\u016f a ulic pova\u017eujeme v\u00a0t\u00e9to barv\u011b za p\u0159irozen\u00e9. Sta\u010d\u00ed v\u0161ak vym\u011bnit teplotu chromati\u010dnosti sv\u011bteln\u00e9ho zdroje za chladn\u011bj\u0161\u00ed a r\u00e1zem se zm\u011bn\u00ed r\u00e1z ve\u010dern\u00ed krajiny.&#13;A v\u00a0tomto okam\u017eiku nar\u00e1\u017e\u00edme na probl\u00e9m mnoha r\u016fzn\u00fdch n\u00e1zor\u016f, co je spr\u00e1vn\u00e9, a co nen\u00ed.N\u00e1zor chodc\u016f a l\u00e9ka\u0159\u016f \u2013 ve\u010der se lidsk\u00fd organismus p\u0159ipravuje sp\u00ed\u0161e na uvoln\u011bn\u00ed, relaxaci a odpo\u010dinek. Stoup\u00e1 hladina melatoninu, kter\u00fd je zodpov\u011bdn\u00fd za kvalitn\u00ed sp\u00e1nek, a jestli\u017ee nen\u00ed dostate\u010dn\u00e1, m\u016f\u017ee se to projevit zna\u010dn\u00fdmi zdravotn\u00edmi probl\u00e9my. S\u00a0t\u00edm souvis\u00ed i teplota chromati\u010dnosti osv\u011btlen\u00ed: Jestli\u017ee odpov\u00edd\u00e1 sp\u00ed\u0161e tepl\u00fdm barv\u00e1m, p\u016fsob\u00ed relaxa\u010dn\u011b, naopak chladn\u00e9 b\u00edl\u00e9 sv\u011btlo nebo dokonce namodral\u00e9 zvy\u0161uje bd\u011blost a soust\u0159ed\u011bnost, ale na \u00fakor klidov\u00e9 f\u00e1ze.Odli\u0161n\u00fd je na tuto problematiku pohled \u0159idi\u010d\u016f, t\u011bm by pochopiteln\u011b v\u00edce vyhovovalo chladn\u00e9 sv\u011btlo, u tepl\u00fdch odst\u00edn\u016f toti\u017e kles\u00e1 pozornost, zvy\u0161uje se \u00fanava a hroz\u00ed nebezpe\u010d\u00ed mikrosp\u00e1nku. S\u00a0ohledem na tato fakta by bylo ide\u00e1ln\u00ed \u0159e\u0161en\u00ed zav\u00e1d\u011bt na okraj\u00edch frekventovan\u00fdch komunikac\u00ed LED diodov\u00e9 zdroje a naopak v\u00a0m\u011bstsk\u00fdch obydlen\u00fdch z\u00f3n\u00e1ch a parc\u00edch sp\u00ed\u0161e vyu\u017e\u00edt v\u00fdhody sod\u00edkov\u00fdch v\u00fdbojek.                                                                                                                                                                                                                                                                                                                                                                                        2.9\/5 - (8 votes)        "},{"@context":"https:\/\/schema.org\/","@type":"BreadcrumbList","itemListElement":[{"@type":"ListItem","position":1,"name":"Legend\u00e1rn\u00ed sod\u00edkov\u00e9 v\u00fdbojky","item":"https:\/\/www.branavedeni.cz\/legendarni-sodikove-vybojky\/#breadcrumbitem"}]}]