[{"@context":"https:\/\/schema.org\/","@type":"Article","@id":"https:\/\/www.branavedeni.cz\/nabidka-ktera-se-bude-libit-i-vam\/#Article","mainEntityOfPage":"https:\/\/www.branavedeni.cz\/nabidka-ktera-se-bude-libit-i-vam\/","headline":"Nab\u00eddka, kter\u00e1 se bude l\u00edbit i V\u00e1m","name":"Nab\u00eddka, kter\u00e1 se bude l\u00edbit i V\u00e1m","description":"Dom\u00e1cnost je pro n\u00e1s m\u00edstem, na kter\u00e9m tr\u00e1v\u00edme pom\u011brn\u011b hodn\u011b \u010dasu, a proto by v\u0161echno m\u011blo b\u00fdt vybaveno tak, abychom se na tomto m\u00edst\u011b c\u00edtili <a class=\"mh-excerpt-more\" href=\"https:\/\/www.branavedeni.cz\/nabidka-ktera-se-bude-libit-i-vam\/\" title=\"Nab\u00eddka, kter\u00e1 se bude l\u00edbit i V\u00e1m\">[...]<\/a>","datePublished":"2016-10-30","dateModified":"2023-05-05","author":{"@type":"Person","@id":"https:\/\/www.branavedeni.cz\/author\/#Person","name":"branavedeni.cz\n","url":"https:\/\/www.branavedeni.cz\/author\/","identifier":1,"image":{"@type":"ImageObject","@id":"https:\/\/secure.gravatar.com\/avatar\/40308b9402d145b1dc164f447b6506e9dadca8c8362c3ffb52df95e789c0fd10?s=96&d=mm&r=g","url":"https:\/\/secure.gravatar.com\/avatar\/40308b9402d145b1dc164f447b6506e9dadca8c8362c3ffb52df95e789c0fd10?s=96&d=mm&r=g","height":96,"width":96}},"publisher":{"@type":"Organization","name":"branavedeni.cz","logo":{"@type":"ImageObject","@id":"\/logo.png","url":"\/logo.png","width":600,"height":60}},"image":{"@type":"ImageObject","@id":"https:\/\/branavedeni.cz\/wp-content\/uploads\/img_a299219_w1965_t1509352715.jpg","url":"https:\/\/branavedeni.cz\/wp-content\/uploads\/img_a299219_w1965_t1509352715.jpg","height":"","width":""},"url":"https:\/\/www.branavedeni.cz\/nabidka-ktera-se-bude-libit-i-vam\/","about":["Neza\u0159azen\u00e9"],"wordCount":459,"articleBody":"      Dom\u00e1cnost je pro n\u00e1s m\u00edstem, na kter\u00e9m tr\u00e1v\u00edme pom\u011brn\u011b hodn\u011b \u010dasu, a proto by v\u0161echno m\u011blo b\u00fdt vybaveno tak, abychom se na tomto m\u00edst\u011b c\u00edtili skute\u010dn\u011b dob\u0159e a pohodln\u011b. Kdy\u017e by tomu tak nebylo, mohli bychom akor\u00e1t tak litovat, proto\u017ee by se klidn\u011b mohlo st\u00e1t, \u017ee se doma nebudeme c\u00edtit tak, jak bychom si p\u0159\u00e1li. V\u011b\u0159te tomu, \u017ee se vyplat\u00ed d\u00e1t si na za\u0159izov\u00e1n\u00ed vlastn\u00edho bydlen\u00ed opravdu dobr\u00fd pozor, proto\u017ee jen tak m\u016f\u017eete dos\u00e1hnout v\u00fdsledk\u016f, se kter\u00fdmi budete spokojeni. Nap\u0159\u00edklad ob\u00fdvac\u00ed pokoj je m\u00edstnost, kter\u00e1 je pom\u011brn\u011b hojn\u011b vyu\u017e\u00edv\u00e1na, a proto bychom m\u011bli tuto m\u00edstnost za\u0159izovat skute\u010dn\u011b zodpov\u011bdn\u011b a pe\u010dliv\u011b, jinak bychom mohli akor\u00e1t tak litovat.   Vybaven\u00ed, na kter\u00e9 nen\u00ed dobr\u00e9 zapom\u00ednat Sou\u010d\u00e1st\u00ed ob\u00fdvac\u00edho pokoje v\u011bt\u0161inou b\u00fdv\u00e1 n\u011bjak\u00e1 sedac\u00ed souprava, na kter\u00e9 si \u010dlov\u011bk m\u016f\u017ee kdykoliv odpo\u010dinout, v\u011bnovat se sledov\u00e1n\u00ed televize, \u010detb\u011b nebo t\u0159eba sp\u00e1nku. Zaru\u010den\u011b je tak\u00e9 dobr\u00e9 po\u010d\u00edtat s t\u00edm, \u017ee na vybranou sedac\u00ed soupravu byste m\u011bli bez probl\u00e9m\u016f usadit i n\u011bjakou n\u00e1v\u0161t\u011bvu, na to nezapom\u00ednejte. Jestli tedy zrovna takov\u00fd kus n\u00e1bytku vyb\u00edr\u00e1te a hled\u00e1te n\u011bco, co bude nejen vypadat dob\u0159e, ale tak\u00e9 to bude praktick\u00e9, tak si m\u016f\u017eete b\u00fdt jist\u00ed t\u00edm, \u017ee pohovka rozkl\u00e1dac\u00ed pro V\u00e1s bude naprosto ide\u00e1ln\u00ed volbou, kter\u00e9 nebudete muset litovat. Pro\u010d tedy n\u011b\u010deho takov\u00e9ho nevyu\u017e\u00edt?  Cht\u011bjte to, na co se m\u016f\u017eete spolehnout Vybrat vhodnou pohovku nemus\u00ed b\u00fdt jednoduch\u00e9, proto je v\u017edy dobr\u00e9 si na za\u010d\u00e1tku ujasnit svoje p\u0159edstavy a po\u017eadavky, a a\u017e potom se do \u010dehokoliv pou\u0161t\u011bt. Rozhodn\u011b byste nem\u011bli myslet pouze na to, jak by m\u011bla vybran\u00e1 seda\u010dka vypadat. Zapom\u00ednat byste nem\u011bli nap\u0159\u00edklad na volbu naprosto ide\u00e1ln\u00edch rozm\u011br\u016f. Rozhodn\u011b se tak\u00e9 vyplat\u00ed pop\u0159em\u00fd\u0161let nad t\u00edm, co si od nov\u00e9 seda\u010dky slibujete a co by V\u00e1m m\u011bla b\u00fdt schopna nab\u00eddnout. Kdy\u017e si v\u0161echny po\u017eadavky ujasn\u00edte, tak si potom m\u016f\u017eete b\u00fdt jist\u00ed t\u00edm, \u017ee si p\u0159ijdete na sv\u00e9 a nebudete litovat, proto\u017ee se do\u010dk\u00e1te takov\u00e9ho kusu n\u00e1bytku, se kter\u00fdm budete nadm\u00edru spokojeni, a d\u00edky kter\u00e9mu bude pobyt ve Va\u0161\u00ed dom\u00e1cnosti mnohem p\u0159\u00edjemn\u011bj\u0161\u00ed, ne\u017e tomu bylo kdy d\u0159\u00edv, na to se m\u016f\u017eete spolehnout.                                                                                                                                                                                                                                                                                                                                                                                          3.8\/5 - (10 votes)        "},{"@context":"https:\/\/schema.org\/","@type":"BreadcrumbList","itemListElement":[{"@type":"ListItem","position":1,"name":"Nab\u00eddka, kter\u00e1 se bude l\u00edbit i V\u00e1m","item":"https:\/\/www.branavedeni.cz\/nabidka-ktera-se-bude-libit-i-vam\/#breadcrumbitem"}]}]