{"@context":"https:\/\/schema.org\/","@type":"CollectionPage","@id":"https:\/\/www.branavedeni.cz\/nezarazene\/#CollectionPage","headline":"Neza\u0159azen\u00e9 Category","description":"","url":"https:\/\/www.branavedeni.cz\/nezarazene\/","hasPart":[{"@type":"Article","@id":"https:\/\/www.branavedeni.cz\/jak-vybrat-kvalitni-kolagen\/","headline":"Jak vybrat kvalitn\u00ed kolagen","url":"https:\/\/www.branavedeni.cz\/jak-vybrat-kvalitni-kolagen\/","datePublished":"2022-01-13","dateModified":"2023-05-05","mainEntityOfPage":"https:\/\/www.branavedeni.cz\/jak-vybrat-kvalitni-kolagen\/","author":{"@type":"Person","@id":"https:\/\/www.branavedeni.cz\/author\/#Person","name":"branavedeni.cz\n","url":"https:\/\/www.branavedeni.cz\/author\/","identifier":1,"image":{"@type":"ImageObject","@id":"https:\/\/secure.gravatar.com\/avatar\/40308b9402d145b1dc164f447b6506e9dadca8c8362c3ffb52df95e789c0fd10?s=96&d=mm&r=g","url":"https:\/\/secure.gravatar.com\/avatar\/40308b9402d145b1dc164f447b6506e9dadca8c8362c3ffb52df95e789c0fd10?s=96&d=mm&r=g","height":96,"width":96}},"publisher":{"@type":"Organization","name":"branavedeni.cz","logo":{"@type":"ImageObject","@id":"\/logo.png","url":"\/logo.png","width":600,"height":60}},"image":{"@type":"ImageObject","@id":"https:\/\/branavedeni.cz\/wp-content\/uploads\/lady-g5c0a12111_640.jpg","url":"https:\/\/branavedeni.cz\/wp-content\/uploads\/lady-g5c0a12111_640.jpg","height":"","width":""},"keywords":null},{"@type":"Article","@id":"https:\/\/www.branavedeni.cz\/modni-styl-jaky-je-ten-vas\/","headline":"M\u00f3dn\u00ed styl, jak\u00fd je ten V\u00e1\u0161?","url":"https:\/\/www.branavedeni.cz\/modni-styl-jaky-je-ten-vas\/","datePublished":"2021-12-05","dateModified":"2023-05-05","mainEntityOfPage":"https:\/\/www.branavedeni.cz\/modni-styl-jaky-je-ten-vas\/","author":{"@type":"Person","@id":"https:\/\/www.branavedeni.cz\/author\/#Person","name":"branavedeni.cz\n","url":"https:\/\/www.branavedeni.cz\/author\/","identifier":1,"image":{"@type":"ImageObject","@id":"https:\/\/secure.gravatar.com\/avatar\/40308b9402d145b1dc164f447b6506e9dadca8c8362c3ffb52df95e789c0fd10?s=96&d=mm&r=g","url":"https:\/\/secure.gravatar.com\/avatar\/40308b9402d145b1dc164f447b6506e9dadca8c8362c3ffb52df95e789c0fd10?s=96&d=mm&r=g","height":96,"width":96}},"publisher":{"@type":"Organization","name":"branavedeni.cz","logo":{"@type":"ImageObject","@id":"\/logo.png","url":"\/logo.png","width":600,"height":60}},"image":{"@type":"ImageObject","@id":"https:\/\/branavedeni.cz\/wp-content\/uploads\/pexels-photo-5705477.jpeg","url":"https:\/\/branavedeni.cz\/wp-content\/uploads\/pexels-photo-5705477.jpeg","height":"","width":""},"keywords":null},{"@type":"Article","@id":"https:\/\/www.branavedeni.cz\/jak-efektivne-ubrat-na-vaze\/","headline":"Jak efektivn\u011b ubrat na v\u00e1ze?","url":"https:\/\/www.branavedeni.cz\/jak-efektivne-ubrat-na-vaze\/","datePublished":"2021-08-08","dateModified":"2023-05-05","mainEntityOfPage":"https:\/\/www.branavedeni.cz\/jak-efektivne-ubrat-na-vaze\/","author":{"@type":"Person","@id":"https:\/\/www.branavedeni.cz\/author\/#Person","name":"branavedeni.cz\n","url":"https:\/\/www.branavedeni.cz\/author\/","identifier":1,"image":{"@type":"ImageObject","@id":"https:\/\/secure.gravatar.com\/avatar\/40308b9402d145b1dc164f447b6506e9dadca8c8362c3ffb52df95e789c0fd10?s=96&d=mm&r=g","url":"https:\/\/secure.gravatar.com\/avatar\/40308b9402d145b1dc164f447b6506e9dadca8c8362c3ffb52df95e789c0fd10?s=96&d=mm&r=g","height":96,"width":96}},"publisher":{"@type":"Organization","name":"branavedeni.cz","logo":{"@type":"ImageObject","@id":"\/logo.png","url":"\/logo.png","width":600,"height":60}},"image":{"@type":"ImageObject","@id":"https:\/\/branavedeni.cz\/wp-content\/uploads\/Asijsk%C3%A9%20j%C3%ADdlo_4.jpg","url":"https:\/\/branavedeni.cz\/wp-content\/uploads\/Asijsk%C3%A9%20j%C3%ADdlo_4.jpg","height":"","width":""},"keywords":null},{"@type":"Article","@id":"https:\/\/www.branavedeni.cz\/shooting-for-me\/","headline":"Shooting for me","url":"https:\/\/www.branavedeni.cz\/shooting-for-me\/","datePublished":"2021-07-20","dateModified":"2023-05-05","mainEntityOfPage":"https:\/\/www.branavedeni.cz\/shooting-for-me\/","author":{"@type":"Person","@id":"https:\/\/www.branavedeni.cz\/author\/#Person","name":"branavedeni.cz\n","url":"https:\/\/www.branavedeni.cz\/author\/","identifier":1,"image":{"@type":"ImageObject","@id":"https:\/\/secure.gravatar.com\/avatar\/40308b9402d145b1dc164f447b6506e9dadca8c8362c3ffb52df95e789c0fd10?s=96&d=mm&r=g","url":"https:\/\/secure.gravatar.com\/avatar\/40308b9402d145b1dc164f447b6506e9dadca8c8362c3ffb52df95e789c0fd10?s=96&d=mm&r=g","height":96,"width":96}},"publisher":{"@type":"Organization","name":"branavedeni.cz","logo":{"@type":"ImageObject","@id":"\/logo.png","url":"\/logo.png","width":600,"height":60}},"image":{"@type":"ImageObject","@id":"https:\/\/branavedeni.cz\/wp-content\/uploads\/pexels-nataliya-vaitkevich-4945061_1.jpg","url":"https:\/\/branavedeni.cz\/wp-content\/uploads\/pexels-nataliya-vaitkevich-4945061_1.jpg","height":"","width":""},"keywords":null},{"@type":"Article","@id":"https:\/\/www.branavedeni.cz\/co-si-s-sebou-zabalit-na-turu\/","headline":"Co si s sebou zabalit na t\u00faru","url":"https:\/\/www.branavedeni.cz\/co-si-s-sebou-zabalit-na-turu\/","datePublished":"2021-07-19","dateModified":"2023-05-05","mainEntityOfPage":"https:\/\/www.branavedeni.cz\/co-si-s-sebou-zabalit-na-turu\/","author":{"@type":"Person","@id":"https:\/\/www.branavedeni.cz\/author\/#Person","name":"branavedeni.cz\n","url":"https:\/\/www.branavedeni.cz\/author\/","identifier":1,"image":{"@type":"ImageObject","@id":"https:\/\/secure.gravatar.com\/avatar\/40308b9402d145b1dc164f447b6506e9dadca8c8362c3ffb52df95e789c0fd10?s=96&d=mm&r=g","url":"https:\/\/secure.gravatar.com\/avatar\/40308b9402d145b1dc164f447b6506e9dadca8c8362c3ffb52df95e789c0fd10?s=96&d=mm&r=g","height":96,"width":96}},"publisher":{"@type":"Organization","name":"branavedeni.cz","logo":{"@type":"ImageObject","@id":"\/logo.png","url":"\/logo.png","width":600,"height":60}},"image":{"@type":"ImageObject","@id":"https:\/\/branavedeni.cz\/wp-content\/uploads\/shoes-434918_960_720_1.jpg","url":"https:\/\/branavedeni.cz\/wp-content\/uploads\/shoes-434918_960_720_1.jpg","height":"","width":""},"keywords":null},{"@type":"Article","@id":"https:\/\/www.branavedeni.cz\/vhodne-predmety-ktere-lze-vyuzit-jako-reklamni-produkty\/","headline":"Vhodn\u00e9 p\u0159edm\u011bty, kter\u00e9 lze vyu\u017e\u00edt jako reklamn\u00ed produkty","url":"https:\/\/www.branavedeni.cz\/vhodne-predmety-ktere-lze-vyuzit-jako-reklamni-produkty\/","datePublished":"2021-07-14","dateModified":"2023-05-05","mainEntityOfPage":"https:\/\/www.branavedeni.cz\/vhodne-predmety-ktere-lze-vyuzit-jako-reklamni-produkty\/","author":{"@type":"Person","@id":"https:\/\/www.branavedeni.cz\/author\/#Person","name":"branavedeni.cz\n","url":"https:\/\/www.branavedeni.cz\/author\/","identifier":1,"image":{"@type":"ImageObject","@id":"https:\/\/secure.gravatar.com\/avatar\/40308b9402d145b1dc164f447b6506e9dadca8c8362c3ffb52df95e789c0fd10?s=96&d=mm&r=g","url":"https:\/\/secure.gravatar.com\/avatar\/40308b9402d145b1dc164f447b6506e9dadca8c8362c3ffb52df95e789c0fd10?s=96&d=mm&r=g","height":96,"width":96}},"publisher":{"@type":"Organization","name":"branavedeni.cz","logo":{"@type":"ImageObject","@id":"\/logo.png","url":"\/logo.png","width":600,"height":60}},"image":{"@type":"ImageObject","@id":"https:\/\/branavedeni.cz\/wp-content\/uploads\/shop-g296c5cb4c_640_3.jpg","url":"https:\/\/branavedeni.cz\/wp-content\/uploads\/shop-g296c5cb4c_640_3.jpg","height":"","width":""},"keywords":null},{"@type":"Article","@id":"https:\/\/www.branavedeni.cz\/penize-nelze-postradat\/","headline":"Pen\u00edze nelze postr\u00e1dat","url":"https:\/\/www.branavedeni.cz\/penize-nelze-postradat\/","datePublished":"2021-05-04","dateModified":"2023-05-05","mainEntityOfPage":"https:\/\/www.branavedeni.cz\/penize-nelze-postradat\/","author":{"@type":"Person","@id":"https:\/\/www.branavedeni.cz\/author\/#Person","name":"branavedeni.cz\n","url":"https:\/\/www.branavedeni.cz\/author\/","identifier":1,"image":{"@type":"ImageObject","@id":"https:\/\/secure.gravatar.com\/avatar\/40308b9402d145b1dc164f447b6506e9dadca8c8362c3ffb52df95e789c0fd10?s=96&d=mm&r=g","url":"https:\/\/secure.gravatar.com\/avatar\/40308b9402d145b1dc164f447b6506e9dadca8c8362c3ffb52df95e789c0fd10?s=96&d=mm&r=g","height":96,"width":96}},"publisher":{"@type":"Organization","name":"branavedeni.cz","logo":{"@type":"ImageObject","@id":"\/logo.png","url":"\/logo.png","width":600,"height":60}},"image":{"@type":"ImageObject","@id":"https:\/\/branavedeni.cz\/wp-content\/uploads\/p%C5%99ehnut%C3%A9%20libry.jpg","url":"https:\/\/branavedeni.cz\/wp-content\/uploads\/p%C5%99ehnut%C3%A9%20libry.jpg","height":"","width":""},"keywords":null},{"@type":"Article","@id":"https:\/\/www.branavedeni.cz\/za-krasnymi-vyhledy-s-vozem-z-autopujcovny-v-praze\/","headline":"Za kr\u00e1sn\u00fdmi v\u00fdhledy s vozem z autop\u016fj\u010dovny v Praze","url":"https:\/\/www.branavedeni.cz\/za-krasnymi-vyhledy-s-vozem-z-autopujcovny-v-praze\/","datePublished":"2021-04-26","dateModified":"2023-05-05","mainEntityOfPage":"https:\/\/www.branavedeni.cz\/za-krasnymi-vyhledy-s-vozem-z-autopujcovny-v-praze\/","author":{"@type":"Person","@id":"https:\/\/www.branavedeni.cz\/author\/#Person","name":"branavedeni.cz\n","url":"https:\/\/www.branavedeni.cz\/author\/","identifier":1,"image":{"@type":"ImageObject","@id":"https:\/\/secure.gravatar.com\/avatar\/40308b9402d145b1dc164f447b6506e9dadca8c8362c3ffb52df95e789c0fd10?s=96&d=mm&r=g","url":"https:\/\/secure.gravatar.com\/avatar\/40308b9402d145b1dc164f447b6506e9dadca8c8362c3ffb52df95e789c0fd10?s=96&d=mm&r=g","height":96,"width":96}},"publisher":{"@type":"Organization","name":"branavedeni.cz","logo":{"@type":"ImageObject","@id":"\/logo.png","url":"\/logo.png","width":600,"height":60}},"image":{"@type":"ImageObject","@id":"https:\/\/branavedeni.cz\/wp-content\/uploads\/gateway-to-the-czech-republic-1608622_640.jpg","url":"https:\/\/branavedeni.cz\/wp-content\/uploads\/gateway-to-the-czech-republic-1608622_640.jpg","height":"","width":""},"keywords":null},{"@type":"Article","@id":"https:\/\/www.branavedeni.cz\/zazrak-jmenem-saw-palmetto\/","headline":"Z\u00e1zrak jm\u00e9nem Saw palmetto","url":"https:\/\/www.branavedeni.cz\/zazrak-jmenem-saw-palmetto\/","datePublished":"2021-03-31","dateModified":"2023-05-05","mainEntityOfPage":"https:\/\/www.branavedeni.cz\/zazrak-jmenem-saw-palmetto\/","author":{"@type":"Person","@id":"https:\/\/www.branavedeni.cz\/author\/#Person","name":"branavedeni.cz\n","url":"https:\/\/www.branavedeni.cz\/author\/","identifier":1,"image":{"@type":"ImageObject","@id":"https:\/\/secure.gravatar.com\/avatar\/40308b9402d145b1dc164f447b6506e9dadca8c8362c3ffb52df95e789c0fd10?s=96&d=mm&r=g","url":"https:\/\/secure.gravatar.com\/avatar\/40308b9402d145b1dc164f447b6506e9dadca8c8362c3ffb52df95e789c0fd10?s=96&d=mm&r=g","height":96,"width":96}},"publisher":{"@type":"Organization","name":"branavedeni.cz","logo":{"@type":"ImageObject","@id":"\/logo.png","url":"\/logo.png","width":600,"height":60}},"image":{"@type":"ImageObject","@id":"https:\/\/branavedeni.cz\/wp-content\/uploads\/flora-g9ce6c572f_1280.jpg","url":"https:\/\/branavedeni.cz\/wp-content\/uploads\/flora-g9ce6c572f_1280.jpg","height":"","width":""},"keywords":null},{"@type":"Article","@id":"https:\/\/www.branavedeni.cz\/nevyhybejte-se-chuzi-po-schodisti-je-mimoradne-zdrava\/","headline":"Nevyh\u00fdbejte se ch\u016fzi po schodi\u0161ti, je mimo\u0159\u00e1dn\u011b zdrav\u00e1","url":"https:\/\/www.branavedeni.cz\/nevyhybejte-se-chuzi-po-schodisti-je-mimoradne-zdrava\/","datePublished":"2021-03-28","dateModified":"2023-05-05","mainEntityOfPage":"https:\/\/www.branavedeni.cz\/nevyhybejte-se-chuzi-po-schodisti-je-mimoradne-zdrava\/","author":{"@type":"Person","@id":"https:\/\/www.branavedeni.cz\/author\/#Person","name":"branavedeni.cz\n","url":"https:\/\/www.branavedeni.cz\/author\/","identifier":1,"image":{"@type":"ImageObject","@id":"https:\/\/secure.gravatar.com\/avatar\/40308b9402d145b1dc164f447b6506e9dadca8c8362c3ffb52df95e789c0fd10?s=96&d=mm&r=g","url":"https:\/\/secure.gravatar.com\/avatar\/40308b9402d145b1dc164f447b6506e9dadca8c8362c3ffb52df95e789c0fd10?s=96&d=mm&r=g","height":96,"width":96}},"publisher":{"@type":"Organization","name":"branavedeni.cz","logo":{"@type":"ImageObject","@id":"\/logo.png","url":"\/logo.png","width":600,"height":60}},"image":{"@type":"ImageObject","@id":"https:\/\/branavedeni.cz\/wp-content\/uploads\/architecture-5031117_640.jpg","url":"https:\/\/branavedeni.cz\/wp-content\/uploads\/architecture-5031117_640.jpg","height":"","width":""},"keywords":null}]}