{"@context":"https:\/\/schema.org\/","@type":"CollectionPage","@id":"https:\/\/www.branavedeni.cz\/nezarazene\/#CollectionPage","headline":"Neza\u0159azen\u00e9 Category","description":"","url":"https:\/\/www.branavedeni.cz\/nezarazene\/","hasPart":[{"@type":"Article","@id":"https:\/\/www.branavedeni.cz\/borovansko-krajina-lesu-luk-rybniku-a-zizkova-rodiste\/","headline":"Borovansko, krajina les\u016f, luk, rybn\u00edk\u016f a \u017di\u017ekova rodi\u0161t\u011b","url":"https:\/\/www.branavedeni.cz\/borovansko-krajina-lesu-luk-rybniku-a-zizkova-rodiste\/","datePublished":"2018-03-30","dateModified":"2023-05-05","mainEntityOfPage":"https:\/\/www.branavedeni.cz\/borovansko-krajina-lesu-luk-rybniku-a-zizkova-rodiste\/","author":{"@type":"Person","@id":"https:\/\/www.branavedeni.cz\/author\/#Person","name":"branavedeni.cz\n","url":"https:\/\/www.branavedeni.cz\/author\/","identifier":1,"image":{"@type":"ImageObject","@id":"https:\/\/secure.gravatar.com\/avatar\/40308b9402d145b1dc164f447b6506e9dadca8c8362c3ffb52df95e789c0fd10?s=96&d=mm&r=g","url":"https:\/\/secure.gravatar.com\/avatar\/40308b9402d145b1dc164f447b6506e9dadca8c8362c3ffb52df95e789c0fd10?s=96&d=mm&r=g","height":96,"width":96}},"publisher":{"@type":"Organization","name":"branavedeni.cz","logo":{"@type":"ImageObject","@id":"\/logo.png","url":"\/logo.png","width":600,"height":60}},"image":{"@type":"ImageObject","@id":"https:\/\/branavedeni.cz\/wp-content\/uploads\/img_a341154_w2301_t1553936408.jpg","url":"https:\/\/branavedeni.cz\/wp-content\/uploads\/img_a341154_w2301_t1553936408.jpg","height":"","width":""},"keywords":null},{"@type":"Article","@id":"https:\/\/www.branavedeni.cz\/10-otazek-o-seo\/","headline":"10 ot\u00e1zek o SEO","url":"https:\/\/www.branavedeni.cz\/10-otazek-o-seo\/","datePublished":"2018-03-21","dateModified":"2023-05-05","mainEntityOfPage":"https:\/\/www.branavedeni.cz\/10-otazek-o-seo\/","author":{"@type":"Person","@id":"https:\/\/www.branavedeni.cz\/author\/#Person","name":"branavedeni.cz\n","url":"https:\/\/www.branavedeni.cz\/author\/","identifier":1,"image":{"@type":"ImageObject","@id":"https:\/\/secure.gravatar.com\/avatar\/40308b9402d145b1dc164f447b6506e9dadca8c8362c3ffb52df95e789c0fd10?s=96&d=mm&r=g","url":"https:\/\/secure.gravatar.com\/avatar\/40308b9402d145b1dc164f447b6506e9dadca8c8362c3ffb52df95e789c0fd10?s=96&d=mm&r=g","height":96,"width":96}},"publisher":{"@type":"Organization","name":"branavedeni.cz","logo":{"@type":"ImageObject","@id":"\/logo.png","url":"\/logo.png","width":600,"height":60}},"image":{"@type":"ImageObject","@id":"https:\/\/branavedeni.cz\/wp-content\/uploads\/img_a340149_w2301_t1553184524.jpg","url":"https:\/\/branavedeni.cz\/wp-content\/uploads\/img_a340149_w2301_t1553184524.jpg","height":"","width":""},"keywords":null},{"@type":"Article","@id":"https:\/\/www.branavedeni.cz\/dovolena-v-duchu-rozhrani-cech-a-moravy\/","headline":"Dovolen\u00e1 v duchu rozhran\u00ed \u010cech a Moravy","url":"https:\/\/www.branavedeni.cz\/dovolena-v-duchu-rozhrani-cech-a-moravy\/","datePublished":"2018-03-11","dateModified":"2023-05-05","mainEntityOfPage":"https:\/\/www.branavedeni.cz\/dovolena-v-duchu-rozhrani-cech-a-moravy\/","author":{"@type":"Person","@id":"https:\/\/www.branavedeni.cz\/author\/#Person","name":"branavedeni.cz\n","url":"https:\/\/www.branavedeni.cz\/author\/","identifier":1,"image":{"@type":"ImageObject","@id":"https:\/\/secure.gravatar.com\/avatar\/40308b9402d145b1dc164f447b6506e9dadca8c8362c3ffb52df95e789c0fd10?s=96&d=mm&r=g","url":"https:\/\/secure.gravatar.com\/avatar\/40308b9402d145b1dc164f447b6506e9dadca8c8362c3ffb52df95e789c0fd10?s=96&d=mm&r=g","height":96,"width":96}},"publisher":{"@type":"Organization","name":"branavedeni.cz","logo":{"@type":"ImageObject","@id":"\/logo.png","url":"\/logo.png","width":600,"height":60}},"image":{"@type":"ImageObject","@id":"https:\/\/branavedeni.cz\/wp-content\/uploads\/img_a339081_w2212_t1552303664.jpg","url":"https:\/\/branavedeni.cz\/wp-content\/uploads\/img_a339081_w2212_t1552303664.jpg","height":"","width":""},"keywords":null},{"@type":"Article","@id":"https:\/\/www.branavedeni.cz\/co-si-pripravit-do-porodnice\/","headline":"Co si p\u0159ipravit do porodnice?","url":"https:\/\/www.branavedeni.cz\/co-si-pripravit-do-porodnice\/","datePublished":"2018-02-12","dateModified":"2023-05-05","mainEntityOfPage":"https:\/\/www.branavedeni.cz\/co-si-pripravit-do-porodnice\/","author":{"@type":"Person","@id":"https:\/\/www.branavedeni.cz\/author\/#Person","name":"branavedeni.cz\n","url":"https:\/\/www.branavedeni.cz\/author\/","identifier":1,"image":{"@type":"ImageObject","@id":"https:\/\/secure.gravatar.com\/avatar\/40308b9402d145b1dc164f447b6506e9dadca8c8362c3ffb52df95e789c0fd10?s=96&d=mm&r=g","url":"https:\/\/secure.gravatar.com\/avatar\/40308b9402d145b1dc164f447b6506e9dadca8c8362c3ffb52df95e789c0fd10?s=96&d=mm&r=g","height":96,"width":96}},"publisher":{"@type":"Organization","name":"branavedeni.cz","logo":{"@type":"ImageObject","@id":"\/logo.png","url":"\/logo.png","width":600,"height":60}},"image":{"@type":"ImageObject","@id":"https:\/\/branavedeni.cz\/wp-content\/uploads\/img_a336644_w2301_t1549995986.jpg","url":"https:\/\/branavedeni.cz\/wp-content\/uploads\/img_a336644_w2301_t1549995986.jpg","height":"","width":""},"keywords":null},{"@type":"Article","@id":"https:\/\/www.branavedeni.cz\/podlahy-zakladovka-domova\/","headline":"Podlahy \u2013 z\u00e1kladovka domova","url":"https:\/\/www.branavedeni.cz\/podlahy-zakladovka-domova\/","datePublished":"2018-01-16","dateModified":"2023-05-05","mainEntityOfPage":"https:\/\/www.branavedeni.cz\/podlahy-zakladovka-domova\/","author":{"@type":"Person","@id":"https:\/\/www.branavedeni.cz\/author\/#Person","name":"branavedeni.cz\n","url":"https:\/\/www.branavedeni.cz\/author\/","identifier":1,"image":{"@type":"ImageObject","@id":"https:\/\/secure.gravatar.com\/avatar\/40308b9402d145b1dc164f447b6506e9dadca8c8362c3ffb52df95e789c0fd10?s=96&d=mm&r=g","url":"https:\/\/secure.gravatar.com\/avatar\/40308b9402d145b1dc164f447b6506e9dadca8c8362c3ffb52df95e789c0fd10?s=96&d=mm&r=g","height":96,"width":96}},"publisher":{"@type":"Organization","name":"branavedeni.cz","logo":{"@type":"ImageObject","@id":"\/logo.png","url":"\/logo.png","width":600,"height":60}},"image":{"@type":"ImageObject","@id":"https:\/\/branavedeni.cz\/wp-content\/uploads\/img_a334076_w2301_t1547637010.jpg","url":"https:\/\/branavedeni.cz\/wp-content\/uploads\/img_a334076_w2301_t1547637010.jpg","height":"","width":""},"keywords":null},{"@type":"Article","@id":"https:\/\/www.branavedeni.cz\/legendarni-sodikove-vybojky\/","headline":"Legend\u00e1rn\u00ed sod\u00edkov\u00e9 v\u00fdbojky","url":"https:\/\/www.branavedeni.cz\/legendarni-sodikove-vybojky\/","datePublished":"2017-12-29","dateModified":"2023-05-05","mainEntityOfPage":"https:\/\/www.branavedeni.cz\/legendarni-sodikove-vybojky\/","author":{"@type":"Person","@id":"https:\/\/www.branavedeni.cz\/author\/#Person","name":"branavedeni.cz\n","url":"https:\/\/www.branavedeni.cz\/author\/","identifier":1,"image":{"@type":"ImageObject","@id":"https:\/\/secure.gravatar.com\/avatar\/40308b9402d145b1dc164f447b6506e9dadca8c8362c3ffb52df95e789c0fd10?s=96&d=mm&r=g","url":"https:\/\/secure.gravatar.com\/avatar\/40308b9402d145b1dc164f447b6506e9dadca8c8362c3ffb52df95e789c0fd10?s=96&d=mm&r=g","height":96,"width":96}},"publisher":{"@type":"Organization","name":"branavedeni.cz","logo":{"@type":"ImageObject","@id":"\/logo.png","url":"\/logo.png","width":600,"height":60}},"image":{"@type":"ImageObject","@id":"https:\/\/branavedeni.cz\/wp-content\/uploads\/img_a332959_w2301_t1546111671.jpg","url":"https:\/\/branavedeni.cz\/wp-content\/uploads\/img_a332959_w2301_t1546111671.jpg","height":"","width":""},"keywords":null},{"@type":"Article","@id":"https:\/\/www.branavedeni.cz\/uniknete-z-kazdodenni-reality\/","headline":"Unikn\u011bte z ka\u017edodenn\u00ed reality","url":"https:\/\/www.branavedeni.cz\/uniknete-z-kazdodenni-reality\/","datePublished":"2017-12-11","dateModified":"2023-05-05","mainEntityOfPage":"https:\/\/www.branavedeni.cz\/uniknete-z-kazdodenni-reality\/","author":{"@type":"Person","@id":"https:\/\/www.branavedeni.cz\/author\/#Person","name":"branavedeni.cz\n","url":"https:\/\/www.branavedeni.cz\/author\/","identifier":1,"image":{"@type":"ImageObject","@id":"https:\/\/secure.gravatar.com\/avatar\/40308b9402d145b1dc164f447b6506e9dadca8c8362c3ffb52df95e789c0fd10?s=96&d=mm&r=g","url":"https:\/\/secure.gravatar.com\/avatar\/40308b9402d145b1dc164f447b6506e9dadca8c8362c3ffb52df95e789c0fd10?s=96&d=mm&r=g","height":96,"width":96}},"publisher":{"@type":"Organization","name":"branavedeni.cz","logo":{"@type":"ImageObject","@id":"\/logo.png","url":"\/logo.png","width":600,"height":60}},"image":{"@type":"ImageObject","@id":"https:\/\/branavedeni.cz\/wp-content\/uploads\/img_a331998_w2301_t1544520609.jpg","url":"https:\/\/branavedeni.cz\/wp-content\/uploads\/img_a331998_w2301_t1544520609.jpg","height":"","width":""},"keywords":null},{"@type":"Article","@id":"https:\/\/www.branavedeni.cz\/reklamni-cepice-pro-vase-zviditelneni\/","headline":"Reklamn\u00ed \u010depice pro va\u0161e zviditeln\u011bn\u00ed","url":"https:\/\/www.branavedeni.cz\/reklamni-cepice-pro-vase-zviditelneni\/","datePublished":"2017-11-30","dateModified":"2023-05-05","mainEntityOfPage":"https:\/\/www.branavedeni.cz\/reklamni-cepice-pro-vase-zviditelneni\/","author":{"@type":"Person","@id":"https:\/\/www.branavedeni.cz\/author\/#Person","name":"branavedeni.cz\n","url":"https:\/\/www.branavedeni.cz\/author\/","identifier":1,"image":{"@type":"ImageObject","@id":"https:\/\/secure.gravatar.com\/avatar\/40308b9402d145b1dc164f447b6506e9dadca8c8362c3ffb52df95e789c0fd10?s=96&d=mm&r=g","url":"https:\/\/secure.gravatar.com\/avatar\/40308b9402d145b1dc164f447b6506e9dadca8c8362c3ffb52df95e789c0fd10?s=96&d=mm&r=g","height":96,"width":96}},"publisher":{"@type":"Organization","name":"branavedeni.cz","logo":{"@type":"ImageObject","@id":"\/logo.png","url":"\/logo.png","width":600,"height":60}},"image":{"@type":"ImageObject","@id":"https:\/\/branavedeni.cz\/wp-content\/uploads\/img_a331272_w1693_t1543577355.jpg","url":"https:\/\/branavedeni.cz\/wp-content\/uploads\/img_a331272_w1693_t1543577355.jpg","height":"","width":""},"keywords":null},{"@type":"Article","@id":"https:\/\/www.branavedeni.cz\/trampoty-se-skolkou\/","headline":"Trampoty se \u0161kolkou","url":"https:\/\/www.branavedeni.cz\/trampoty-se-skolkou\/","datePublished":"2017-11-06","dateModified":"2023-05-05","mainEntityOfPage":"https:\/\/www.branavedeni.cz\/trampoty-se-skolkou\/","author":{"@type":"Person","@id":"https:\/\/www.branavedeni.cz\/author\/#Person","name":"branavedeni.cz\n","url":"https:\/\/www.branavedeni.cz\/author\/","identifier":1,"image":{"@type":"ImageObject","@id":"https:\/\/secure.gravatar.com\/avatar\/40308b9402d145b1dc164f447b6506e9dadca8c8362c3ffb52df95e789c0fd10?s=96&d=mm&r=g","url":"https:\/\/secure.gravatar.com\/avatar\/40308b9402d145b1dc164f447b6506e9dadca8c8362c3ffb52df95e789c0fd10?s=96&d=mm&r=g","height":96,"width":96}},"publisher":{"@type":"Organization","name":"branavedeni.cz","logo":{"@type":"ImageObject","@id":"\/logo.png","url":"\/logo.png","width":600,"height":60}},"image":{"@type":"ImageObject","@id":"https:\/\/branavedeni.cz\/wp-content\/uploads\/img_a329151_w2748_t1541497441.jpg","url":"https:\/\/branavedeni.cz\/wp-content\/uploads\/img_a329151_w2748_t1541497441.jpg","height":"","width":""},"keywords":null},{"@type":"Article","@id":"https:\/\/www.branavedeni.cz\/cit-pro-detail-se-v-zenach-nezapre\/","headline":"Cit pro detail se v \u017een\u00e1ch nezap\u0159e","url":"https:\/\/www.branavedeni.cz\/cit-pro-detail-se-v-zenach-nezapre\/","datePublished":"2017-10-28","dateModified":"2023-05-05","mainEntityOfPage":"https:\/\/www.branavedeni.cz\/cit-pro-detail-se-v-zenach-nezapre\/","author":{"@type":"Person","@id":"https:\/\/www.branavedeni.cz\/author\/#Person","name":"branavedeni.cz\n","url":"https:\/\/www.branavedeni.cz\/author\/","identifier":1,"image":{"@type":"ImageObject","@id":"https:\/\/secure.gravatar.com\/avatar\/40308b9402d145b1dc164f447b6506e9dadca8c8362c3ffb52df95e789c0fd10?s=96&d=mm&r=g","url":"https:\/\/secure.gravatar.com\/avatar\/40308b9402d145b1dc164f447b6506e9dadca8c8362c3ffb52df95e789c0fd10?s=96&d=mm&r=g","height":96,"width":96}},"publisher":{"@type":"Organization","name":"branavedeni.cz","logo":{"@type":"ImageObject","@id":"\/logo.png","url":"\/logo.png","width":600,"height":60}},"image":{"@type":"ImageObject","@id":"https:\/\/branavedeni.cz\/wp-content\/uploads\/img_a328550_w2301_t1540755933.jpg","url":"https:\/\/branavedeni.cz\/wp-content\/uploads\/img_a328550_w2301_t1540755933.jpg","height":"","width":""},"keywords":null}]}