{"@context":"https:\/\/schema.org\/","@type":"CollectionPage","@id":"https:\/\/www.branavedeni.cz\/nezarazene\/#CollectionPage","headline":"Neza\u0159azen\u00e9 Category","description":"","url":"https:\/\/www.branavedeni.cz\/nezarazene\/","hasPart":[{"@type":"Article","@id":"https:\/\/www.branavedeni.cz\/posilte-vas-spankovy-rezim\/","headline":"Posilte v\u00e1\u0161 sp\u00e1nkov\u00fd re\u017eim","url":"https:\/\/www.branavedeni.cz\/posilte-vas-spankovy-rezim\/","datePublished":"2017-10-28","dateModified":"2023-05-05","mainEntityOfPage":"https:\/\/www.branavedeni.cz\/posilte-vas-spankovy-rezim\/","author":{"@type":"Person","@id":"https:\/\/www.branavedeni.cz\/author\/#Person","name":"branavedeni.cz\n","url":"https:\/\/www.branavedeni.cz\/author\/","identifier":1,"image":{"@type":"ImageObject","@id":"https:\/\/secure.gravatar.com\/avatar\/40308b9402d145b1dc164f447b6506e9dadca8c8362c3ffb52df95e789c0fd10?s=96&d=mm&r=g","url":"https:\/\/secure.gravatar.com\/avatar\/40308b9402d145b1dc164f447b6506e9dadca8c8362c3ffb52df95e789c0fd10?s=96&d=mm&r=g","height":96,"width":96}},"publisher":{"@type":"Organization","name":"branavedeni.cz","logo":{"@type":"ImageObject","@id":"\/logo.png","url":"\/logo.png","width":600,"height":60}},"image":{"@type":"ImageObject","@id":"https:\/\/branavedeni.cz\/wp-content\/uploads\/img_a328503_w2341_t1540740395.jpg","url":"https:\/\/branavedeni.cz\/wp-content\/uploads\/img_a328503_w2341_t1540740395.jpg","height":"","width":""},"keywords":null},{"@type":"Article","@id":"https:\/\/www.branavedeni.cz\/proc-investovat-do-pekneho-obleceni\/","headline":"Pro\u010d investovat do p\u011bkn\u00e9ho oble\u010den\u00ed","url":"https:\/\/www.branavedeni.cz\/proc-investovat-do-pekneho-obleceni\/","datePublished":"2017-10-11","dateModified":"2023-05-05","mainEntityOfPage":"https:\/\/www.branavedeni.cz\/proc-investovat-do-pekneho-obleceni\/","author":{"@type":"Person","@id":"https:\/\/www.branavedeni.cz\/author\/#Person","name":"branavedeni.cz\n","url":"https:\/\/www.branavedeni.cz\/author\/","identifier":1,"image":{"@type":"ImageObject","@id":"https:\/\/secure.gravatar.com\/avatar\/40308b9402d145b1dc164f447b6506e9dadca8c8362c3ffb52df95e789c0fd10?s=96&d=mm&r=g","url":"https:\/\/secure.gravatar.com\/avatar\/40308b9402d145b1dc164f447b6506e9dadca8c8362c3ffb52df95e789c0fd10?s=96&d=mm&r=g","height":96,"width":96}},"publisher":{"@type":"Organization","name":"branavedeni.cz","logo":{"@type":"ImageObject","@id":"\/logo.png","url":"\/logo.png","width":600,"height":60}},"image":{"@type":"ImageObject","@id":"https:\/\/branavedeni.cz\/wp-content\/uploads\/img_a327045_w1720_t1539249284.jpg","url":"https:\/\/branavedeni.cz\/wp-content\/uploads\/img_a327045_w1720_t1539249284.jpg","height":"","width":""},"keywords":null},{"@type":"Article","@id":"https:\/\/www.branavedeni.cz\/ptaci-rekordmani\/","headline":"Pta\u010d\u00ed rekordmani","url":"https:\/\/www.branavedeni.cz\/ptaci-rekordmani\/","datePublished":"2017-09-11","dateModified":"2023-05-05","mainEntityOfPage":"https:\/\/www.branavedeni.cz\/ptaci-rekordmani\/","author":{"@type":"Person","@id":"https:\/\/www.branavedeni.cz\/author\/#Person","name":"branavedeni.cz\n","url":"https:\/\/www.branavedeni.cz\/author\/","identifier":1,"image":{"@type":"ImageObject","@id":"https:\/\/secure.gravatar.com\/avatar\/40308b9402d145b1dc164f447b6506e9dadca8c8362c3ffb52df95e789c0fd10?s=96&d=mm&r=g","url":"https:\/\/secure.gravatar.com\/avatar\/40308b9402d145b1dc164f447b6506e9dadca8c8362c3ffb52df95e789c0fd10?s=96&d=mm&r=g","height":96,"width":96}},"publisher":{"@type":"Organization","name":"branavedeni.cz","logo":{"@type":"ImageObject","@id":"\/logo.png","url":"\/logo.png","width":600,"height":60}},"image":{"@type":"ImageObject","@id":"https:\/\/branavedeni.cz\/wp-content\/uploads\/img_a324689_w2301_t1536648696.jpg","url":"https:\/\/branavedeni.cz\/wp-content\/uploads\/img_a324689_w2301_t1536648696.jpg","height":"","width":""},"keywords":null},{"@type":"Article","@id":"https:\/\/www.branavedeni.cz\/nebankovni-hypoteky-bez-registru\/","headline":"Nebankovn\u00ed hypot\u00e9ky bez registru","url":"https:\/\/www.branavedeni.cz\/nebankovni-hypoteky-bez-registru\/","datePublished":"2017-08-21","dateModified":"2023-05-05","mainEntityOfPage":"https:\/\/www.branavedeni.cz\/nebankovni-hypoteky-bez-registru\/","author":{"@type":"Person","@id":"https:\/\/www.branavedeni.cz\/author\/#Person","name":"branavedeni.cz\n","url":"https:\/\/www.branavedeni.cz\/author\/","identifier":1,"image":{"@type":"ImageObject","@id":"https:\/\/secure.gravatar.com\/avatar\/40308b9402d145b1dc164f447b6506e9dadca8c8362c3ffb52df95e789c0fd10?s=96&d=mm&r=g","url":"https:\/\/secure.gravatar.com\/avatar\/40308b9402d145b1dc164f447b6506e9dadca8c8362c3ffb52df95e789c0fd10?s=96&d=mm&r=g","height":96,"width":96}},"publisher":{"@type":"Organization","name":"branavedeni.cz","logo":{"@type":"ImageObject","@id":"\/logo.png","url":"\/logo.png","width":600,"height":60}},"image":{"@type":"ImageObject","@id":"https:\/\/branavedeni.cz\/wp-content\/uploads\/img_a323030_w2301_t1534844217.jpg","url":"https:\/\/branavedeni.cz\/wp-content\/uploads\/img_a323030_w2301_t1534844217.jpg","height":"","width":""},"keywords":null},{"@type":"Article","@id":"https:\/\/www.branavedeni.cz\/choroba-na-kterou-neni-lek\/","headline":"Choroba, na kterou nen\u00ed l\u00e9k","url":"https:\/\/www.branavedeni.cz\/choroba-na-kterou-neni-lek\/","datePublished":"2017-08-15","dateModified":"2023-05-05","mainEntityOfPage":"https:\/\/www.branavedeni.cz\/choroba-na-kterou-neni-lek\/","author":{"@type":"Person","@id":"https:\/\/www.branavedeni.cz\/author\/#Person","name":"branavedeni.cz\n","url":"https:\/\/www.branavedeni.cz\/author\/","identifier":1,"image":{"@type":"ImageObject","@id":"https:\/\/secure.gravatar.com\/avatar\/40308b9402d145b1dc164f447b6506e9dadca8c8362c3ffb52df95e789c0fd10?s=96&d=mm&r=g","url":"https:\/\/secure.gravatar.com\/avatar\/40308b9402d145b1dc164f447b6506e9dadca8c8362c3ffb52df95e789c0fd10?s=96&d=mm&r=g","height":96,"width":96}},"publisher":{"@type":"Organization","name":"branavedeni.cz","logo":{"@type":"ImageObject","@id":"\/logo.png","url":"\/logo.png","width":600,"height":60}},"image":{"@type":"ImageObject","@id":"https:\/\/branavedeni.cz\/wp-content\/uploads\/img_a322616_w2301_t1534318279.jpg","url":"https:\/\/branavedeni.cz\/wp-content\/uploads\/img_a322616_w2301_t1534318279.jpg","height":"","width":""},"keywords":null},{"@type":"Article","@id":"https:\/\/www.branavedeni.cz\/prostoje-jako-zasadni-problem\/","headline":"Prostoje jako z\u00e1sadn\u00ed probl\u00e9m","url":"https:\/\/www.branavedeni.cz\/prostoje-jako-zasadni-problem\/","datePublished":"2017-07-29","dateModified":"2023-05-05","mainEntityOfPage":"https:\/\/www.branavedeni.cz\/prostoje-jako-zasadni-problem\/","author":{"@type":"Person","@id":"https:\/\/www.branavedeni.cz\/author\/#Person","name":"branavedeni.cz\n","url":"https:\/\/www.branavedeni.cz\/author\/","identifier":1,"image":{"@type":"ImageObject","@id":"https:\/\/secure.gravatar.com\/avatar\/40308b9402d145b1dc164f447b6506e9dadca8c8362c3ffb52df95e789c0fd10?s=96&d=mm&r=g","url":"https:\/\/secure.gravatar.com\/avatar\/40308b9402d145b1dc164f447b6506e9dadca8c8362c3ffb52df95e789c0fd10?s=96&d=mm&r=g","height":96,"width":96}},"publisher":{"@type":"Organization","name":"branavedeni.cz","logo":{"@type":"ImageObject","@id":"\/logo.png","url":"\/logo.png","width":600,"height":60}},"image":{"@type":"ImageObject","@id":"https:\/\/branavedeni.cz\/wp-content\/uploads\/img_a321628_w2301_t1532875270.jpg","url":"https:\/\/branavedeni.cz\/wp-content\/uploads\/img_a321628_w2301_t1532875270.jpg","height":"","width":""},"keywords":null},{"@type":"Article","@id":"https:\/\/www.branavedeni.cz\/kde-najit-prostor-kdyz-byt-neni-nafukovaci\/","headline":"Kde naj\u00edt prostor, kdy\u017e byt nen\u00ed nafukovac\u00ed?","url":"https:\/\/www.branavedeni.cz\/kde-najit-prostor-kdyz-byt-neni-nafukovaci\/","datePublished":"2017-07-25","dateModified":"2023-05-05","mainEntityOfPage":"https:\/\/www.branavedeni.cz\/kde-najit-prostor-kdyz-byt-neni-nafukovaci\/","author":{"@type":"Person","@id":"https:\/\/www.branavedeni.cz\/author\/#Person","name":"branavedeni.cz\n","url":"https:\/\/www.branavedeni.cz\/author\/","identifier":1,"image":{"@type":"ImageObject","@id":"https:\/\/secure.gravatar.com\/avatar\/40308b9402d145b1dc164f447b6506e9dadca8c8362c3ffb52df95e789c0fd10?s=96&d=mm&r=g","url":"https:\/\/secure.gravatar.com\/avatar\/40308b9402d145b1dc164f447b6506e9dadca8c8362c3ffb52df95e789c0fd10?s=96&d=mm&r=g","height":96,"width":96}},"publisher":{"@type":"Organization","name":"branavedeni.cz","logo":{"@type":"ImageObject","@id":"\/logo.png","url":"\/logo.png","width":600,"height":60}},"image":{"@type":"ImageObject","@id":"https:\/\/branavedeni.cz\/wp-content\/uploads\/img_a321284_w2301_t1532529413.jpg","url":"https:\/\/branavedeni.cz\/wp-content\/uploads\/img_a321284_w2301_t1532529413.jpg","height":"","width":""},"keywords":null},{"@type":"Article","@id":"https:\/\/www.branavedeni.cz\/sex-bez-vztahu-a-vztah-bez-sexu-jak-to-s-nimi-je\/","headline":"Sex bez vztahu a vztah bez sexu, jak to s nimi je?","url":"https:\/\/www.branavedeni.cz\/sex-bez-vztahu-a-vztah-bez-sexu-jak-to-s-nimi-je\/","datePublished":"2017-07-04","dateModified":"2023-05-05","mainEntityOfPage":"https:\/\/www.branavedeni.cz\/sex-bez-vztahu-a-vztah-bez-sexu-jak-to-s-nimi-je\/","author":{"@type":"Person","@id":"https:\/\/www.branavedeni.cz\/author\/#Person","name":"branavedeni.cz\n","url":"https:\/\/www.branavedeni.cz\/author\/","identifier":1,"image":{"@type":"ImageObject","@id":"https:\/\/secure.gravatar.com\/avatar\/40308b9402d145b1dc164f447b6506e9dadca8c8362c3ffb52df95e789c0fd10?s=96&d=mm&r=g","url":"https:\/\/secure.gravatar.com\/avatar\/40308b9402d145b1dc164f447b6506e9dadca8c8362c3ffb52df95e789c0fd10?s=96&d=mm&r=g","height":96,"width":96}},"publisher":{"@type":"Organization","name":"branavedeni.cz","logo":{"@type":"ImageObject","@id":"\/logo.png","url":"\/logo.png","width":600,"height":60}},"image":{"@type":"ImageObject","@id":"https:\/\/branavedeni.cz\/wp-content\/uploads\/img_a319673_w2301_t1530692273.jpg","url":"https:\/\/branavedeni.cz\/wp-content\/uploads\/img_a319673_w2301_t1530692273.jpg","height":"","width":""},"keywords":null},{"@type":"Article","@id":"https:\/\/www.branavedeni.cz\/hebci-nez-kuze\/","headline":"Heb\u010d\u00ed ne\u017e k\u016f\u017ee","url":"https:\/\/www.branavedeni.cz\/hebci-nez-kuze\/","datePublished":"2017-07-03","dateModified":"2023-05-05","mainEntityOfPage":"https:\/\/www.branavedeni.cz\/hebci-nez-kuze\/","author":{"@type":"Person","@id":"https:\/\/www.branavedeni.cz\/author\/#Person","name":"branavedeni.cz\n","url":"https:\/\/www.branavedeni.cz\/author\/","identifier":1,"image":{"@type":"ImageObject","@id":"https:\/\/secure.gravatar.com\/avatar\/40308b9402d145b1dc164f447b6506e9dadca8c8362c3ffb52df95e789c0fd10?s=96&d=mm&r=g","url":"https:\/\/secure.gravatar.com\/avatar\/40308b9402d145b1dc164f447b6506e9dadca8c8362c3ffb52df95e789c0fd10?s=96&d=mm&r=g","height":96,"width":96}},"publisher":{"@type":"Organization","name":"branavedeni.cz","logo":{"@type":"ImageObject","@id":"\/logo.png","url":"\/logo.png","width":600,"height":60}},"image":{"@type":"ImageObject","@id":"https:\/\/branavedeni.cz\/wp-content\/uploads\/img_a319586_w2301_t1530606459.jpg","url":"https:\/\/branavedeni.cz\/wp-content\/uploads\/img_a319586_w2301_t1530606459.jpg","height":"","width":""},"keywords":null},{"@type":"Article","@id":"https:\/\/www.branavedeni.cz\/aby-skakani-stale-prinaselo-jen-radost\/","headline":"Aby sk\u00e1k\u00e1n\u00ed st\u00e1le p\u0159in\u00e1\u0161elo jen radost","url":"https:\/\/www.branavedeni.cz\/aby-skakani-stale-prinaselo-jen-radost\/","datePublished":"2017-06-25","dateModified":"2023-05-05","mainEntityOfPage":"https:\/\/www.branavedeni.cz\/aby-skakani-stale-prinaselo-jen-radost\/","author":{"@type":"Person","@id":"https:\/\/www.branavedeni.cz\/author\/#Person","name":"branavedeni.cz\n","url":"https:\/\/www.branavedeni.cz\/author\/","identifier":1,"image":{"@type":"ImageObject","@id":"https:\/\/secure.gravatar.com\/avatar\/40308b9402d145b1dc164f447b6506e9dadca8c8362c3ffb52df95e789c0fd10?s=96&d=mm&r=g","url":"https:\/\/secure.gravatar.com\/avatar\/40308b9402d145b1dc164f447b6506e9dadca8c8362c3ffb52df95e789c0fd10?s=96&d=mm&r=g","height":96,"width":96}},"publisher":{"@type":"Organization","name":"branavedeni.cz","logo":{"@type":"ImageObject","@id":"\/logo.png","url":"\/logo.png","width":600,"height":60}},"image":{"@type":"ImageObject","@id":"https:\/\/branavedeni.cz\/wp-content\/uploads\/img_a319048_w2435_t1529926017.jpg","url":"https:\/\/branavedeni.cz\/wp-content\/uploads\/img_a319048_w2435_t1529926017.jpg","height":"","width":""},"keywords":null}]}