{"@context":"https:\/\/schema.org\/","@type":"CollectionPage","@id":"https:\/\/www.branavedeni.cz\/nezarazene\/#CollectionPage","headline":"Neza\u0159azen\u00e9 Category","description":"","url":"https:\/\/www.branavedeni.cz\/nezarazene\/","hasPart":[{"@type":"Article","@id":"https:\/\/www.branavedeni.cz\/pratelske-a-pohodove-znojmo\/","headline":"P\u0159\u00e1telsk\u00e9 a pohodov\u00e9 Znojmo","url":"https:\/\/www.branavedeni.cz\/pratelske-a-pohodove-znojmo\/","datePublished":"2017-02-16","dateModified":"2023-05-05","mainEntityOfPage":"https:\/\/www.branavedeni.cz\/pratelske-a-pohodove-znojmo\/","author":{"@type":"Person","@id":"https:\/\/www.branavedeni.cz\/author\/#Person","name":"branavedeni.cz\n","url":"https:\/\/www.branavedeni.cz\/author\/","identifier":1,"image":{"@type":"ImageObject","@id":"https:\/\/secure.gravatar.com\/avatar\/40308b9402d145b1dc164f447b6506e9dadca8c8362c3ffb52df95e789c0fd10?s=96&d=mm&r=g","url":"https:\/\/secure.gravatar.com\/avatar\/40308b9402d145b1dc164f447b6506e9dadca8c8362c3ffb52df95e789c0fd10?s=96&d=mm&r=g","height":96,"width":96}},"publisher":{"@type":"Organization","name":"branavedeni.cz","logo":{"@type":"ImageObject","@id":"\/logo.png","url":"\/logo.png","width":600,"height":60}},"image":{"@type":"ImageObject","@id":"https:\/\/branavedeni.cz\/wp-content\/uploads\/img_a307583_w2301_t1518813813.jpg","url":"https:\/\/branavedeni.cz\/wp-content\/uploads\/img_a307583_w2301_t1518813813.jpg","height":"","width":""},"keywords":null},{"@type":"Article","@id":"https:\/\/www.branavedeni.cz\/predsinova-stena-ze-starych-dveri\/","headline":"P\u0159eds\u00ed\u0148ov\u00e1 st\u011bna ze star\u00fdch dve\u0159\u00ed","url":"https:\/\/www.branavedeni.cz\/predsinova-stena-ze-starych-dveri\/","datePublished":"2017-02-05","dateModified":"2023-05-05","mainEntityOfPage":"https:\/\/www.branavedeni.cz\/predsinova-stena-ze-starych-dveri\/","author":{"@type":"Person","@id":"https:\/\/www.branavedeni.cz\/author\/#Person","name":"branavedeni.cz\n","url":"https:\/\/www.branavedeni.cz\/author\/","identifier":1,"image":{"@type":"ImageObject","@id":"https:\/\/secure.gravatar.com\/avatar\/40308b9402d145b1dc164f447b6506e9dadca8c8362c3ffb52df95e789c0fd10?s=96&d=mm&r=g","url":"https:\/\/secure.gravatar.com\/avatar\/40308b9402d145b1dc164f447b6506e9dadca8c8362c3ffb52df95e789c0fd10?s=96&d=mm&r=g","height":96,"width":96}},"publisher":{"@type":"Organization","name":"branavedeni.cz","logo":{"@type":"ImageObject","@id":"\/logo.png","url":"\/logo.png","width":600,"height":60}},"image":{"@type":"ImageObject","@id":"https:\/\/branavedeni.cz\/wp-content\/uploads\/img_a306511_w2301_t1517829685.jpg","url":"https:\/\/branavedeni.cz\/wp-content\/uploads\/img_a306511_w2301_t1517829685.jpg","height":"","width":""},"keywords":null},{"@type":"Article","@id":"https:\/\/www.branavedeni.cz\/vse-si-muzete-usnadnit\/","headline":"V\u0161e si m\u016f\u017eete usnadnit","url":"https:\/\/www.branavedeni.cz\/vse-si-muzete-usnadnit\/","datePublished":"2017-01-16","dateModified":"2023-05-05","mainEntityOfPage":"https:\/\/www.branavedeni.cz\/vse-si-muzete-usnadnit\/","author":{"@type":"Person","@id":"https:\/\/www.branavedeni.cz\/author\/#Person","name":"branavedeni.cz\n","url":"https:\/\/www.branavedeni.cz\/author\/","identifier":1,"image":{"@type":"ImageObject","@id":"https:\/\/secure.gravatar.com\/avatar\/40308b9402d145b1dc164f447b6506e9dadca8c8362c3ffb52df95e789c0fd10?s=96&d=mm&r=g","url":"https:\/\/secure.gravatar.com\/avatar\/40308b9402d145b1dc164f447b6506e9dadca8c8362c3ffb52df95e789c0fd10?s=96&d=mm&r=g","height":96,"width":96}},"publisher":{"@type":"Organization","name":"branavedeni.cz","logo":{"@type":"ImageObject","@id":"\/logo.png","url":"\/logo.png","width":600,"height":60}},"image":{"@type":"ImageObject","@id":"https:\/\/branavedeni.cz\/wp-content\/uploads\/img_a304781_w2301_t1516090381.jpg","url":"https:\/\/branavedeni.cz\/wp-content\/uploads\/img_a304781_w2301_t1516090381.jpg","height":"","width":""},"keywords":null},{"@type":"Article","@id":"https:\/\/www.branavedeni.cz\/kustovnice-cinska-superpotravina-pro-vase-zdravi\/","headline":"Kustovnice \u010d\u00ednsk\u00e1 \u2013 superpotravina pro va\u0161e zdrav\u00ed","url":"https:\/\/www.branavedeni.cz\/kustovnice-cinska-superpotravina-pro-vase-zdravi\/","datePublished":"2017-01-15","dateModified":"2023-05-05","mainEntityOfPage":"https:\/\/www.branavedeni.cz\/kustovnice-cinska-superpotravina-pro-vase-zdravi\/","author":{"@type":"Person","@id":"https:\/\/www.branavedeni.cz\/author\/#Person","name":"branavedeni.cz\n","url":"https:\/\/www.branavedeni.cz\/author\/","identifier":1,"image":{"@type":"ImageObject","@id":"https:\/\/secure.gravatar.com\/avatar\/40308b9402d145b1dc164f447b6506e9dadca8c8362c3ffb52df95e789c0fd10?s=96&d=mm&r=g","url":"https:\/\/secure.gravatar.com\/avatar\/40308b9402d145b1dc164f447b6506e9dadca8c8362c3ffb52df95e789c0fd10?s=96&d=mm&r=g","height":96,"width":96}},"publisher":{"@type":"Organization","name":"branavedeni.cz","logo":{"@type":"ImageObject","@id":"\/logo.png","url":"\/logo.png","width":600,"height":60}},"image":{"@type":"ImageObject","@id":"https:\/\/branavedeni.cz\/wp-content\/uploads\/img_a304726_w2301_t1516017001.jpg","url":"https:\/\/branavedeni.cz\/wp-content\/uploads\/img_a304726_w2301_t1516017001.jpg","height":"","width":""},"keywords":null},{"@type":"Article","@id":"https:\/\/www.branavedeni.cz\/vyber-perspektivniho-kupujiciho\/","headline":"V\u00fdb\u011br perspektivn\u00edho kupuj\u00edc\u00edho","url":"https:\/\/www.branavedeni.cz\/vyber-perspektivniho-kupujiciho\/","datePublished":"2017-01-10","dateModified":"2023-05-05","mainEntityOfPage":"https:\/\/www.branavedeni.cz\/vyber-perspektivniho-kupujiciho\/","author":{"@type":"Person","@id":"https:\/\/www.branavedeni.cz\/author\/#Person","name":"branavedeni.cz\n","url":"https:\/\/www.branavedeni.cz\/author\/","identifier":1,"image":{"@type":"ImageObject","@id":"https:\/\/secure.gravatar.com\/avatar\/40308b9402d145b1dc164f447b6506e9dadca8c8362c3ffb52df95e789c0fd10?s=96&d=mm&r=g","url":"https:\/\/secure.gravatar.com\/avatar\/40308b9402d145b1dc164f447b6506e9dadca8c8362c3ffb52df95e789c0fd10?s=96&d=mm&r=g","height":96,"width":96}},"publisher":{"@type":"Organization","name":"branavedeni.cz","logo":{"@type":"ImageObject","@id":"\/logo.png","url":"\/logo.png","width":600,"height":60}},"image":{"@type":"ImageObject","@id":"https:\/\/branavedeni.cz\/wp-content\/uploads\/img_a304484_w2301_t1515570752.jpg","url":"https:\/\/branavedeni.cz\/wp-content\/uploads\/img_a304484_w2301_t1515570752.jpg","height":"","width":""},"keywords":null},{"@type":"Article","@id":"https:\/\/www.branavedeni.cz\/dulezita-je-prevence\/","headline":"D\u016fle\u017eit\u00e1 je prevence","url":"https:\/\/www.branavedeni.cz\/dulezita-je-prevence\/","datePublished":"2017-01-05","dateModified":"2023-05-05","mainEntityOfPage":"https:\/\/www.branavedeni.cz\/dulezita-je-prevence\/","author":{"@type":"Person","@id":"https:\/\/www.branavedeni.cz\/author\/#Person","name":"branavedeni.cz\n","url":"https:\/\/www.branavedeni.cz\/author\/","identifier":1,"image":{"@type":"ImageObject","@id":"https:\/\/secure.gravatar.com\/avatar\/40308b9402d145b1dc164f447b6506e9dadca8c8362c3ffb52df95e789c0fd10?s=96&d=mm&r=g","url":"https:\/\/secure.gravatar.com\/avatar\/40308b9402d145b1dc164f447b6506e9dadca8c8362c3ffb52df95e789c0fd10?s=96&d=mm&r=g","height":96,"width":96}},"publisher":{"@type":"Organization","name":"branavedeni.cz","logo":{"@type":"ImageObject","@id":"\/logo.png","url":"\/logo.png","width":600,"height":60}},"image":{"@type":"ImageObject","@id":"https:\/\/branavedeni.cz\/wp-content\/uploads\/img_a304200_w2301_t1515187051.jpg","url":"https:\/\/branavedeni.cz\/wp-content\/uploads\/img_a304200_w2301_t1515187051.jpg","height":"","width":""},"keywords":null},{"@type":"Article","@id":"https:\/\/www.branavedeni.cz\/zima-je-idealni-cas-na-planovani-zahrady\/","headline":"Zima je ide\u00e1ln\u00ed \u010das na pl\u00e1nov\u00e1n\u00ed zahrady","url":"https:\/\/www.branavedeni.cz\/zima-je-idealni-cas-na-planovani-zahrady\/","datePublished":"2016-12-28","dateModified":"2023-05-05","mainEntityOfPage":"https:\/\/www.branavedeni.cz\/zima-je-idealni-cas-na-planovani-zahrady\/","author":{"@type":"Person","@id":"https:\/\/www.branavedeni.cz\/author\/#Person","name":"branavedeni.cz\n","url":"https:\/\/www.branavedeni.cz\/author\/","identifier":1,"image":{"@type":"ImageObject","@id":"https:\/\/secure.gravatar.com\/avatar\/40308b9402d145b1dc164f447b6506e9dadca8c8362c3ffb52df95e789c0fd10?s=96&d=mm&r=g","url":"https:\/\/secure.gravatar.com\/avatar\/40308b9402d145b1dc164f447b6506e9dadca8c8362c3ffb52df95e789c0fd10?s=96&d=mm&r=g","height":96,"width":96}},"publisher":{"@type":"Organization","name":"branavedeni.cz","logo":{"@type":"ImageObject","@id":"\/logo.png","url":"\/logo.png","width":600,"height":60}},"image":{"@type":"ImageObject","@id":"https:\/\/branavedeni.cz\/wp-content\/uploads\/img_a303768_w1884_t1514495489.jpg","url":"https:\/\/branavedeni.cz\/wp-content\/uploads\/img_a303768_w1884_t1514495489.jpg","height":"","width":""},"keywords":null},{"@type":"Article","@id":"https:\/\/www.branavedeni.cz\/magicke-narozeniny\/","headline":"Magick\u00e9 narozeniny","url":"https:\/\/www.branavedeni.cz\/magicke-narozeniny\/","datePublished":"2016-12-19","dateModified":"2023-05-05","mainEntityOfPage":"https:\/\/www.branavedeni.cz\/magicke-narozeniny\/","author":{"@type":"Person","@id":"https:\/\/www.branavedeni.cz\/author\/#Person","name":"branavedeni.cz\n","url":"https:\/\/www.branavedeni.cz\/author\/","identifier":1,"image":{"@type":"ImageObject","@id":"https:\/\/secure.gravatar.com\/avatar\/40308b9402d145b1dc164f447b6506e9dadca8c8362c3ffb52df95e789c0fd10?s=96&d=mm&r=g","url":"https:\/\/secure.gravatar.com\/avatar\/40308b9402d145b1dc164f447b6506e9dadca8c8362c3ffb52df95e789c0fd10?s=96&d=mm&r=g","height":96,"width":96}},"publisher":{"@type":"Organization","name":"branavedeni.cz","logo":{"@type":"ImageObject","@id":"\/logo.png","url":"\/logo.png","width":600,"height":60}},"image":{"@type":"ImageObject","@id":"https:\/\/branavedeni.cz\/wp-content\/uploads\/img_a303338_w2301_t1513677581.jpg","url":"https:\/\/branavedeni.cz\/wp-content\/uploads\/img_a303338_w2301_t1513677581.jpg","height":"","width":""},"keywords":null},{"@type":"Article","@id":"https:\/\/www.branavedeni.cz\/vyuzivejte-svuj-automobil-na-maximum\/","headline":"Vyu\u017e\u00edvejte sv\u016fj automobil na maximum","url":"https:\/\/www.branavedeni.cz\/vyuzivejte-svuj-automobil-na-maximum\/","datePublished":"2016-12-14","dateModified":"2023-05-05","mainEntityOfPage":"https:\/\/www.branavedeni.cz\/vyuzivejte-svuj-automobil-na-maximum\/","author":{"@type":"Person","@id":"https:\/\/www.branavedeni.cz\/author\/#Person","name":"branavedeni.cz\n","url":"https:\/\/www.branavedeni.cz\/author\/","identifier":1,"image":{"@type":"ImageObject","@id":"https:\/\/secure.gravatar.com\/avatar\/40308b9402d145b1dc164f447b6506e9dadca8c8362c3ffb52df95e789c0fd10?s=96&d=mm&r=g","url":"https:\/\/secure.gravatar.com\/avatar\/40308b9402d145b1dc164f447b6506e9dadca8c8362c3ffb52df95e789c0fd10?s=96&d=mm&r=g","height":96,"width":96}},"publisher":{"@type":"Organization","name":"branavedeni.cz","logo":{"@type":"ImageObject","@id":"\/logo.png","url":"\/logo.png","width":600,"height":60}},"image":{"@type":"ImageObject","@id":"https:\/\/branavedeni.cz\/wp-content\/uploads\/img_a303081_w2301_t1513235165.jpg","url":"https:\/\/branavedeni.cz\/wp-content\/uploads\/img_a303081_w2301_t1513235165.jpg","height":"","width":""},"keywords":null},{"@type":"Article","@id":"https:\/\/www.branavedeni.cz\/netflix-je-mozne-sledovat-i-v-ceske-republice\/","headline":"Netflix je mo\u017en\u00e9 sledovat i v \u010cesk\u00e9 republice","url":"https:\/\/www.branavedeni.cz\/netflix-je-mozne-sledovat-i-v-ceske-republice\/","datePublished":"2016-12-11","dateModified":"2023-05-05","mainEntityOfPage":"https:\/\/www.branavedeni.cz\/netflix-je-mozne-sledovat-i-v-ceske-republice\/","author":{"@type":"Person","@id":"https:\/\/www.branavedeni.cz\/author\/#Person","name":"branavedeni.cz\n","url":"https:\/\/www.branavedeni.cz\/author\/","identifier":1,"image":{"@type":"ImageObject","@id":"https:\/\/secure.gravatar.com\/avatar\/40308b9402d145b1dc164f447b6506e9dadca8c8362c3ffb52df95e789c0fd10?s=96&d=mm&r=g","url":"https:\/\/secure.gravatar.com\/avatar\/40308b9402d145b1dc164f447b6506e9dadca8c8362c3ffb52df95e789c0fd10?s=96&d=mm&r=g","height":96,"width":96}},"publisher":{"@type":"Organization","name":"branavedeni.cz","logo":{"@type":"ImageObject","@id":"\/logo.png","url":"\/logo.png","width":600,"height":60}},"image":{"@type":"ImageObject","@id":"https:\/\/branavedeni.cz\/wp-content\/uploads\/img_a302927_w2301_t1512993999.jpg","url":"https:\/\/branavedeni.cz\/wp-content\/uploads\/img_a302927_w2301_t1512993999.jpg","height":"","width":""},"keywords":null}]}