[{"@context":"https:\/\/schema.org\/","@type":"Article","@id":"https:\/\/www.branavedeni.cz\/vyuzivejte-svuj-automobil-na-maximum\/#Article","mainEntityOfPage":"https:\/\/www.branavedeni.cz\/vyuzivejte-svuj-automobil-na-maximum\/","headline":"Vyu\u017e\u00edvejte sv\u016fj automobil na maximum","name":"Vyu\u017e\u00edvejte sv\u016fj automobil na maximum","description":"Pokud m\u00e1 \u010dlov\u011bk v gar\u00e1\u017ei vlastn\u00ed automobil, tak by byla \u0161koda jej po\u0159\u00e1dn\u011b nevyu\u017e\u00edt. \u0158e\u010d je o tom, \u017ee takov\u00e9auto \u010dlov\u011bk nemus\u00ed pou\u017e\u00edvat jen k <a class=\"mh-excerpt-more\" href=\"https:\/\/www.branavedeni.cz\/vyuzivejte-svuj-automobil-na-maximum\/\" title=\"Vyu\u017e\u00edvejte sv\u016fj automobil na maximum\">[...]<\/a>","datePublished":"2016-12-14","dateModified":"2023-05-05","author":{"@type":"Person","@id":"https:\/\/www.branavedeni.cz\/author\/#Person","name":"branavedeni.cz\n","url":"https:\/\/www.branavedeni.cz\/author\/","identifier":1,"image":{"@type":"ImageObject","@id":"https:\/\/secure.gravatar.com\/avatar\/40308b9402d145b1dc164f447b6506e9dadca8c8362c3ffb52df95e789c0fd10?s=96&d=mm&r=g","url":"https:\/\/secure.gravatar.com\/avatar\/40308b9402d145b1dc164f447b6506e9dadca8c8362c3ffb52df95e789c0fd10?s=96&d=mm&r=g","height":96,"width":96}},"publisher":{"@type":"Organization","name":"branavedeni.cz","logo":{"@type":"ImageObject","@id":"\/logo.png","url":"\/logo.png","width":600,"height":60}},"image":{"@type":"ImageObject","@id":"https:\/\/branavedeni.cz\/wp-content\/uploads\/img_a303081_w2301_t1513235165.jpg","url":"https:\/\/branavedeni.cz\/wp-content\/uploads\/img_a303081_w2301_t1513235165.jpg","height":"","width":""},"url":"https:\/\/www.branavedeni.cz\/vyuzivejte-svuj-automobil-na-maximum\/","about":["Neza\u0159azen\u00e9"],"wordCount":451,"articleBody":"       Pokud m\u00e1 \u010dlov\u011bk v gar\u00e1\u017ei vlastn\u00ed automobil, tak by byla \u0161koda jej po\u0159\u00e1dn\u011b nevyu\u017e\u00edt. \u0158e\u010d je o tom, \u017ee takov\u00e9auto \u010dlov\u011bk nemus\u00ed pou\u017e\u00edvat jen k tomu, aby s n\u00edm vozil s\u00e1m sebe anebo dal\u0161\u00ed lidi, ale tak\u00e9 k tomu, aby s n\u00edm vozil materi\u00e1l a jin\u00e9 v\u011bci. A to nejen drobnosti, ale tak\u00e9 po\u0159\u00e1dn\u011b velk\u00e9 objemy materi\u00e1lu a n\u00e1\u0159ad\u00ed, kter\u00e9 se do kufru auta nevejdou, zkr\u00e1tka proto, \u017ee jsou moc objemn\u00e9 anebo proto, \u017ee jsou t\u0159eba \u0161pinav\u00e9, a proto je pot\u0159eba je p\u0159ev\u00e9zt na voz\u00edku.A takov\u00fd voz\u00edk za auto, to je skv\u011bl\u00e1 v\u011bc. M\u016f\u017eete jej pou\u017e\u00edvat k p\u0159em\u00eds\u0165ov\u00e1n\u00ed prakticky v\u0161eho, co v\u00e1s jen napadne. Nemluv\u011b o tom, \u017ee pokud toho pot\u0159ebujete p\u0159ev\u00e9zt opravdu hodn\u011b, tak si sta\u010d\u00ed p\u016fj\u010dit opravdu velik\u00fd voz\u00edk a pln\u011b jej nalo\u017eit. T\u0159eba stavebn\u00edm materi\u00e1lem, kter\u00fd vyu\u017eijeme na stavbu domu anebo p\u0159i jeho rekonstrukci, anebo n\u00e1\u0159ad\u00edm, kter\u00e9 se n\u00e1m bude p\u0159i takov\u00e9 stavb\u011b hodit, anebo nov\u00fdm \u010di star\u00fdm n\u00e1bytkem, kter\u00fd si chceme do bytu po\u0159\u00eddit. Anebo je\u0161t\u011b \u010d\u00edmkoli  https:\/\/www.lidovky.cz\/foto.aspx%3Fgalerie%3Dfestival-vegeterianu%26foto%3DSK46b1fa_DST11_THAILAND_1022_11.JPG jin\u00fdm, co pot\u0159ebujeme p\u0159ev\u00e9zt z jednoho m\u00edsta na druh\u00e9 \u2013 na\u0161\u00ed fantazii se v tomto ohledu meze nekladou, pokud t\u00edm nijak neohroz\u00edme ostatn\u00ed \u00fa\u010dastn\u00edky silni\u010dn\u00edho provozu, co\u017e se nestane, pokud bude n\u00e1\u0161 n\u00e1klad \u0159\u00e1dn\u011b zaji\u0161t\u011bn a bude p\u0159ev\u00e1\u017een v souladu se v\u0161emi dopravn\u00edmi p\u0159edpisy. Mnoho u\u017eitku za n\u00edzkou cenu Nicm\u00e9n\u011b k tomu, aby \u010dlov\u011bk mohl pln\u011b vyu\u017e\u00edvat mo\u017enost\u00ed p\u0159epravy sv\u00e9ho vozidla nepot\u0159ebuje jen voz\u00edk, ale p\u0159edev\u0161\u00edm tak\u00e9 ta\u017en\u00e9 za\u0159\u00edzen\u00ed https:\/\/www.amsa.cz\/Tazne-Zarizeni-3691, kter\u00fdm sv\u016fj v\u016fz vybav\u00ed. A to se d\u00e1 po\u0159\u00eddit pom\u011brn\u011b levn\u011b, ka\u017edop\u00e1dn\u011b za cenu, kter\u00e1 se n\u00e1m jednozna\u010dn\u011b vyplat\u00ed, kdy\u017e pomysl\u00edme na to, kolik u\u017eitku n\u00e1m takov\u00e9 ta\u017en\u00e9 za\u0159\u00edzen\u00ed p\u0159inese. Ov\u0161em nesm\u00edme zapom\u00ednat na to, \u017ee za takto vybaven\u00fd automobil pak nep\u0159ipoj\u00edme jen voz\u00edk na materi\u00e1l, ale t\u0159eba tak\u00e9 karavan, se kter\u00fdm se m\u016f\u017eeme vydat na dovolenou anebo p\u0159epravn\u00ed voz\u00edk, na kter\u00e9m m\u016f\u017eeme p\u0159ev\u00e9zt t\u0159eba lo\u010f anebo motorku. Zkr\u00e1tka t\u011bch mo\u017enost\u00ed je mnoho a \u010dlov\u011bk je rozhodn\u011b ocen\u00ed.                                                                                                                                                                                                                                                                                                                                                                                           4.4\/5 - (15 votes)        "},{"@context":"https:\/\/schema.org\/","@type":"BreadcrumbList","itemListElement":[{"@type":"ListItem","position":1,"name":"Vyu\u017e\u00edvejte sv\u016fj automobil na maximum","item":"https:\/\/www.branavedeni.cz\/vyuzivejte-svuj-automobil-na-maximum\/#breadcrumbitem"}]}]