[{"@context":"https:\/\/schema.org\/","@type":"Article","@id":"https:\/\/www.branavedeni.cz\/za-kulturou-v-lete\/#Article","mainEntityOfPage":"https:\/\/www.branavedeni.cz\/za-kulturou-v-lete\/","headline":"Za kulturou v l\u00e9t\u011b","name":"Za kulturou v l\u00e9t\u011b","description":"L\u00e9to nab\u00edz\u00ed nep\u0159ebern\u00e9 mno\u017estv\u00ed mo\u017enost\u00ed, jak tr\u00e1vit voln\u00fd \u010das. Vyu\u017eijte proto dovolen\u00e9, pr\u00e1zdnin nebo t\u0159eba jen v\u00edkendu a pod\u00edvejte se, co za z\u00e1\u017eitky V\u00e1s m\u016f\u017ee <a class=\"mh-excerpt-more\" href=\"https:\/\/www.branavedeni.cz\/za-kulturou-v-lete\/\" title=\"Za kulturou v l\u00e9t\u011b\">[...]<\/a>","datePublished":"2016-09-29","dateModified":"2023-05-05","author":{"@type":"Person","@id":"https:\/\/www.branavedeni.cz\/author\/#Person","name":"branavedeni.cz\n","url":"https:\/\/www.branavedeni.cz\/author\/","identifier":1,"image":{"@type":"ImageObject","@id":"https:\/\/secure.gravatar.com\/avatar\/40308b9402d145b1dc164f447b6506e9dadca8c8362c3ffb52df95e789c0fd10?s=96&d=mm&r=g","url":"https:\/\/secure.gravatar.com\/avatar\/40308b9402d145b1dc164f447b6506e9dadca8c8362c3ffb52df95e789c0fd10?s=96&d=mm&r=g","height":96,"width":96}},"publisher":{"@type":"Organization","name":"branavedeni.cz","logo":{"@type":"ImageObject","@id":"\/logo.png","url":"\/logo.png","width":600,"height":60}},"image":{"@type":"ImageObject","@id":"https:\/\/branavedeni.cz\/wp-content\/uploads\/img_a294958_w2301_t1506669205.jpg","url":"https:\/\/branavedeni.cz\/wp-content\/uploads\/img_a294958_w2301_t1506669205.jpg","height":"","width":""},"url":"https:\/\/www.branavedeni.cz\/za-kulturou-v-lete\/","about":["Neza\u0159azen\u00e9"],"wordCount":466,"articleBody":"L\u00e9to nab\u00edz\u00ed nep\u0159ebern\u00e9 mno\u017estv\u00ed mo\u017enost\u00ed, jak tr\u00e1vit voln\u00fd \u010das. Vyu\u017eijte proto dovolen\u00e9, pr\u00e1zdnin nebo t\u0159eba jen v\u00edkendu a pod\u00edvejte se, co za z\u00e1\u017eitky V\u00e1s m\u016f\u017ee potkat.Klasikou jsou letn\u00ed kina, kde m\u016f\u017eeme str\u00e1vit s&nbsp;p\u0159\u00e1teli p\u0159\u00edjemn\u00e9 ve\u010dery a pod\u00edvat se na filmov\u00e9 novinky, nebo obl\u00edben\u00e9 trh\u00e1ky. Letn\u00ed kina po\u0159\u00e1d\u00e1 ka\u017ed\u00e9 v\u011bt\u0161\u00ed m\u011bsto i vesnice, ve m\u011bstech jako je Brno \u010di Praha jich najdete nespo\u010det a m\u016f\u017eete si tak vybrat z&nbsp;opravdu velk\u00e9ho mno\u017estv\u00ed film\u016f i prost\u0159ed\u00ed, kde V\u00e1m bude nejl\u00e9pe.N\u011bkter\u00e1 m\u011bsta po\u0159\u00e1daj\u00ed v&nbsp;letn\u00edch m\u011bs\u00edc\u00edch i divadeln\u00ed p\u0159edstaven\u00ed, kter\u00e1 jsou hran\u00e1 pod \u0161ir\u00fdm nebem. Za takov\u00fdm neobvykl\u00fdm z\u00e1\u017eitkem se vypravte nap\u0159\u00edklad do Brna, kde jsou ka\u017ed\u00fdm rokem po\u0159\u00e1d\u00e1ny Shakespearovsk\u00e9 slavnosti, nyn\u00ed nov\u011b um\u00edst\u011bn\u00e9 na Biskupsk\u00e9m dvo\u0159e.Pokud jste milovn\u00edkem historie, vyu\u017eijete tak\u00e9 netradi\u010dn\u00ed nab\u00eddky prohl\u00eddek hrad\u016f. Nap\u0159\u00edklad hrad Buchlov po\u0159\u00e1d\u00e1 ka\u017ed\u00fdm rokem n\u011bkolik no\u010dn\u00edch prohl\u00eddek a vypr\u00e1v\u011bn\u00edm pov\u011bst\u00ed. P\u0159ed hradem m\u016f\u017eete vid\u011bt i tane\u010dn\u00edky s&nbsp;ohn\u011bm. Takov\u00e9 prohl\u00eddky jsou ide\u00e1ln\u00ed pro d\u011bti, pro kter\u00e9 jsou siln\u00fdm z\u00e1\u017eitkem. Pokud m\u00e1te pro strach ud\u011bl\u00e1no, nev\u00e1hejte!L\u00e9to je tak\u00e9 ide\u00e1ln\u00ed na objevov\u00e1n\u00ed kr\u00e1sn\u00fdch z\u00e1kout\u00ed, kter\u00e1 n\u00e1m na\u0161e zem\u011b nab\u00edz\u00ed. Zkuste nap\u0159\u00edklad nav\u0161t\u00edvit n\u011bkter\u00e9 botanick\u00e9 zahrady nebo parky ve Va\u0161em m\u011bst\u011b. M\u016f\u017eete nav\u0161t\u00edvit ty klasick\u00e9 m\u011bstsk\u00e9 a uspo\u0159\u00e1dat si tam t\u0159eba piknik s&nbsp;p\u0159\u00e1teli. Nebo zav\u00edtejte do zahrad p\u0159il\u00e9haj\u00edc\u00edch k&nbsp;hrad\u016fm a z\u00e1mk\u016fm a obdivujte na\u0161e pam\u00e1tky z&nbsp;trochu jin\u00e9ho \u00fahlu. Zahrady jsou toti\u017e sou\u010d\u00e1st\u00ed historick\u00e9ho bohatstv\u00ed, ov\u0161em \u010dasto na n\u011b zapom\u00edn\u00e1me. Nav\u0161tivte t\u0159eba z\u00e1meckou zahradu v&nbsp;Krom\u011b\u0159\u00ed\u017ei. M\u016f\u017eete tam nav\u0161t\u00edvit kv\u011btinovou zahradu a proj\u00edt se mezi okrasn\u00fdmi ke\u0159i. Obl\u00edbenou atrakc\u00ed jsou voln\u011b proch\u00e1zej\u00edc\u00ed se p\u00e1vi, kte\u0159\u00ed \u010das od \u010dasu ztrat\u00ed n\u011bjak\u00e9 to ocasov\u00e9 p\u00e9ro a vy si tak m\u016f\u017eete odn\u00e9st z&nbsp;parku hezkou vzpom\u00ednku.K&nbsp;l\u00e9tu neodmysliteln\u00e9 pat\u0159\u00ed i letn\u00ed hudebn\u00ed festivaly, zkuste se porozhl\u00e9dnou po okol\u00ed a t\u0159eba objev\u00edte krom\u011b t\u011bch nejzn\u00e1m\u011bj\u0161\u00edch i n\u011bjak\u00e9 lok\u00e1ln\u00ed, kter\u00e9 V\u00e1s p\u0159ekvap\u00ed.                                                                                                                                                                                                                                                                                                                                                                                        4.7\/5 - (6 votes)        "},{"@context":"https:\/\/schema.org\/","@type":"BreadcrumbList","itemListElement":[{"@type":"ListItem","position":1,"name":"Za kulturou v l\u00e9t\u011b","item":"https:\/\/www.branavedeni.cz\/za-kulturou-v-lete\/#breadcrumbitem"}]}]