[{"@context":"https:\/\/schema.org\/","@type":"Article","@id":"https:\/\/www.branavedeni.cz\/zima-je-idealni-cas-na-planovani-zahrady\/#Article","mainEntityOfPage":"https:\/\/www.branavedeni.cz\/zima-je-idealni-cas-na-planovani-zahrady\/","headline":"Zima je ide\u00e1ln\u00ed \u010das na pl\u00e1nov\u00e1n\u00ed zahrady","name":"Zima je ide\u00e1ln\u00ed \u010das na pl\u00e1nov\u00e1n\u00ed zahrady","description":"M\u00e1te \u010di pl\u00e1nujete zahradu, kde jsou stromy, okrasn\u00e9 ke\u0159e, kv\u011btiny i zeleninov\u00e9 z\u00e1hony? Zahradu u\u017e m\u00e1te pravd\u011bpodobn\u011b zazimovanou, ale pokud jste dobr\u00fd zahr\u00e1dk\u00e1\u0159 a hospod\u00e1\u0159, <a class=\"mh-excerpt-more\" href=\"https:\/\/www.branavedeni.cz\/zima-je-idealni-cas-na-planovani-zahrady\/\" title=\"Zima je ide\u00e1ln\u00ed \u010das na pl\u00e1nov\u00e1n\u00ed zahrady\">[...]<\/a>","datePublished":"2016-12-28","dateModified":"2023-05-05","author":{"@type":"Person","@id":"https:\/\/www.branavedeni.cz\/author\/#Person","name":"branavedeni.cz\n","url":"https:\/\/www.branavedeni.cz\/author\/","identifier":1,"image":{"@type":"ImageObject","@id":"https:\/\/secure.gravatar.com\/avatar\/40308b9402d145b1dc164f447b6506e9dadca8c8362c3ffb52df95e789c0fd10?s=96&d=mm&r=g","url":"https:\/\/secure.gravatar.com\/avatar\/40308b9402d145b1dc164f447b6506e9dadca8c8362c3ffb52df95e789c0fd10?s=96&d=mm&r=g","height":96,"width":96}},"publisher":{"@type":"Organization","name":"branavedeni.cz","logo":{"@type":"ImageObject","@id":"\/logo.png","url":"\/logo.png","width":600,"height":60}},"image":{"@type":"ImageObject","@id":"https:\/\/branavedeni.cz\/wp-content\/uploads\/img_a303768_w1884_t1514495489.jpg","url":"https:\/\/branavedeni.cz\/wp-content\/uploads\/img_a303768_w1884_t1514495489.jpg","height":"","width":""},"url":"https:\/\/www.branavedeni.cz\/zima-je-idealni-cas-na-planovani-zahrady\/","about":["Neza\u0159azen\u00e9"],"wordCount":613,"articleBody":" M\u00e1te \u010di pl\u00e1nujete zahradu, kde jsou stromy, okrasn\u00e9 ke\u0159e, kv\u011btiny i zeleninov\u00e9 z\u00e1hony? Zahradu u\u017e m\u00e1te pravd\u011bpodobn\u011b zazimovanou, ale pokud jste dobr\u00fd zahr\u00e1dk\u00e1\u0159 a hospod\u00e1\u0159, p\u0159em\u00fd\u0161l\u00edte, co na ja\u0159e vysad\u00edte nebo uprav\u00edte tak, aby v\u00e1\u0161 kout p\u0159\u00edrody byl kouzeln\u00fd. Na zahrad\u011b je po cel\u00fd rok plno pr\u00e1ce. Ale je to m\u00edsto, kter\u00e9 si m\u016f\u017eete vytvo\u0159it podle sv\u00fdch p\u0159edstav tak, abyste si krom\u011b zahradn\u00ed pr\u00e1ce na\u0161li kdykoliv \u010das na p\u0159\u00edjemn\u00fd odpo\u010dinek a relaxaci. Pohled na rozkvetlou zahradu je snad pro ka\u017ed\u00e9ho pohlazen\u00edm na du\u0161i. Pokud teprve zahradu pl\u00e1nujete, m\u00e1te ur\u010dit\u011b n\u011bjakou p\u0159edstavu, v jak\u00e9m stylu ji budete m\u00edt. I kdy\u017e nebudete m\u00edt velk\u00fd pozemek, m\u016f\u017ee se z n\u011bj st\u00e1t zahrada sn\u016f. Je velmi d\u016fle\u017eit\u00e9 si v\u0161e dob\u0159e promyslet, napl\u00e1novat a nejlep\u0161\u00ed je, kdy\u017e se p\u0159edem porad\u00edte se zahradn\u00edm architektem. Pokud jsou v okol\u00ed va\u0161eho pozemku velmi bl\u00edzko sousedn\u00ed budovy, chcete m\u00edt na sv\u00e9 zahrad\u011b hlavn\u011b pocit soukrom\u00ed. V\u0161e se d\u00e1 s odborn\u00edkem vy\u0159e\u0161it k va\u0161\u00ed spokojenosti.  N\u011bkolik osv\u011bd\u010den\u00fdch rad: \u00b7 Dezinfekce p\u016fdy ve sklen\u00edku a zeleninov\u00fdch z\u00e1hon\u016f. Na podzim, po posledn\u00ed sklizni, pohnojenou a dob\u0159e zrytou p\u016fdu pro zeleninov\u00e9 z\u00e1hony a ve sklen\u00edku, m\u016f\u017eete dezinfikovat pr\u00e1\u0161kov\u00fdm dus\u00edkat\u00fdm hnojivem (podle n\u00e1vodu). Toto v\u00e1pno perfektn\u011b p\u016fdu dezinfikuje a zbav\u00ed ji t\u00e9m\u011b\u0159 v\u0161ech p\u016fdn\u00edch \u0161k\u016fdc\u016f. Pr\u00e1\u0161kov\u00e9 v\u00e1pno se rozhod\u00ed po z\u00e1honech a hr\u00e1b\u011bmi se zapracuje do p\u016fdy. N\u00e1sledn\u011b se p\u016fda mus\u00ed d\u016fkladn\u00e9 zal\u00edt. Ve sklen\u00edku nav\u00edc zem zakryjeme f\u00f3li\u00ed, kterou tam nech\u00e1te p\u0159ibli\u017en\u011b 3 t\u00fddny. V p\u0159\u00edpad\u011b, \u017ee jste si t\u00edmto zp\u016fsobem p\u016fdu neo\u0161et\u0159ili na podzim, m\u016f\u017eete to ud\u011blat za\u010d\u00e1tkem jara, minim\u00e1ln\u011b m\u011bs\u00edc p\u0159ed v\u00fdsadbou sazenic.   \u00b7 Sklen\u00edk si \u017e\u00e1d\u00e1 i dal\u0161\u00ed \u00fadr\u017ebu i v zimn\u00edch m\u011bs\u00edc\u00edch. Zvl\u00e1\u0161\u0165 pokud je v\u011bt\u0161\u00ed sn\u011bhov\u00e1 nad\u00edlka. Sn\u00edh ze sklen\u011bn\u00fdch \u0161ikm\u00fdch tabul\u00ed mus\u00edte odstra\u0148ovat opatrn\u011b, aby se v\u00e1m nepo\u0161kodily. Kdy\u017e sklen\u00edk nen\u00ed vyt\u00e1p\u011bn\u00fd, p\u016fdu v zim\u011b nepol\u00e9vejte, aby se tam neza\u010daly vyskytovat r\u016fzn\u00e9 pl\u00edsn\u011b. V p\u0159\u00edpad\u011b, \u017ee se pl\u00edse\u0148 vyskytne, pou\u017eijte sirn\u00e9 knoty, kter\u00e9 zav\u011bs\u00edte do prostoru a podle n\u00e1vodu zap\u00e1l\u00edte. Kdy\u017e nebude mrznout, tak sklen\u00edk ob\u010das vyv\u011btrejte.   \u00b7 Bl\u00ed\u017e\u00ed se \u010das v\u00e1noc a s nimi jsou spojen\u00e9 v\u00e1no\u010dn\u00ed stromky. Mnoz\u00ed z n\u00e1s, kte\u0159\u00ed maj\u00ed u sv\u00e9ho domu zahradu, kupuj\u00ed \u017eiv\u00fd v\u00e1no\u010dn\u00ed stromek zasazen\u00fd v n\u00e1dob\u011b u\u017e s t\u00edm, \u017ee ho po v\u00e1noc\u00edch p\u0159esad\u00ed do zahrady. Je dost d\u016fle\u017eit\u00e9, abyste b\u011bhem v\u00e1noc stromek zavla\u017eovali, po sv\u00e1tc\u00edch ho co nejd\u0159\u00edve zbavili ozdob a postupn\u011b ho za\u010dali p\u0159ivykat na podm\u00ednky v zahrad\u011b. P\u0159eneste ho z tepl\u00e9 m\u00edstnosti na chladn\u011bj\u0161\u00ed chodbu, tam ho nechte 2 a\u017e 3 dny. Pak ho p\u0159eneste na je\u0161t\u011b chladn\u011bj\u0161\u00ed m\u00edsto, nap\u0159\u00edklad do p\u0159eds\u00edn\u011b nebo chr\u00e1n\u011bnou terasu. Nezapome\u0148te stromek ob\u010das zal\u00edt. A\u017e skon\u010d\u00ed nejv\u011bt\u0161\u00ed mrazy, um\u00edst\u011bte ho na chr\u00e1n\u011bn\u00e9m m\u00edst\u011b v zahrad\u011b.                                                                                                                                                                                                                                                                                                                                                                                         4.2\/5 - (13 votes)        "},{"@context":"https:\/\/schema.org\/","@type":"BreadcrumbList","itemListElement":[{"@type":"ListItem","position":1,"name":"Zima je ide\u00e1ln\u00ed \u010das na pl\u00e1nov\u00e1n\u00ed zahrady","item":"https:\/\/www.branavedeni.cz\/zima-je-idealni-cas-na-planovani-zahrady\/#breadcrumbitem"}]}]