[{"@context":"https:\/\/schema.org\/","@type":"Article","@id":"https:\/\/www.branavedeni.cz\/zivot-s-domacim-mazlickem-prinasi-spoustu-radosti-i-starosti\/#Article","mainEntityOfPage":"https:\/\/www.branavedeni.cz\/zivot-s-domacim-mazlickem-prinasi-spoustu-radosti-i-starosti\/","headline":"\u017divot s dom\u00e1c\u00edm mazl\u00ed\u010dkem p\u0159in\u00e1\u0161\u00ed spoustu radost\u00ed i starost\u00ed","name":"\u017divot s dom\u00e1c\u00edm mazl\u00ed\u010dkem p\u0159in\u00e1\u0161\u00ed spoustu radost\u00ed i starost\u00ed","description":"Probl\u00e9my se za\u017e\u00edv\u00e1n\u00edm a v\u00fdskyt parazit\u016f. Alergick\u00e9 reakce, vyr\u00e1\u017eky, otoky a ekz\u00e9my. V\u00fdtoky z o\u010d\u00ed, \u010dum\u00e1\u010dku nebo u\u0161\u00ed. Nekvalitn\u00ed srst. Od\u0159en\u00e9 tlapky a jin\u00e9 drobn\u00e9 <a class=\"mh-excerpt-more\" href=\"https:\/\/www.branavedeni.cz\/zivot-s-domacim-mazlickem-prinasi-spoustu-radosti-i-starosti\/\" title=\"\u017divot s dom\u00e1c\u00edm mazl\u00ed\u010dkem p\u0159in\u00e1\u0161\u00ed spoustu radost\u00ed i starost\u00ed\">[...]<\/a>","datePublished":"2024-11-29","dateModified":"2024-11-29","author":{"@type":"Person","@id":"https:\/\/www.branavedeni.cz\/author\/#Person","name":"branavedeni.cz\n","url":"https:\/\/www.branavedeni.cz\/author\/","identifier":1,"image":{"@type":"ImageObject","@id":"https:\/\/secure.gravatar.com\/avatar\/40308b9402d145b1dc164f447b6506e9dadca8c8362c3ffb52df95e789c0fd10?s=96&d=mm&r=g","url":"https:\/\/secure.gravatar.com\/avatar\/40308b9402d145b1dc164f447b6506e9dadca8c8362c3ffb52df95e789c0fd10?s=96&d=mm&r=g","height":96,"width":96}},"publisher":{"@type":"Organization","name":"branavedeni.cz","logo":{"@type":"ImageObject","@id":"\/logo.png","url":"\/logo.png","width":600,"height":60}},"url":"https:\/\/www.branavedeni.cz\/zivot-s-domacim-mazlickem-prinasi-spoustu-radosti-i-starosti\/","wordCount":163,"articleBody":"Probl\u00e9my se za\u017e\u00edv\u00e1n\u00edm a v\u00fdskyt parazit\u016f. Alergick\u00e9 reakce, vyr\u00e1\u017eky, otoky a ekz\u00e9my. V\u00fdtoky z o\u010d\u00ed, \u010dum\u00e1\u010dku nebo u\u0161\u00ed. Nekvalitn\u00ed srst. Od\u0159en\u00e9 tlapky a jin\u00e9 drobn\u00e9 \u00farazy. Ucpan\u00e9 an\u00e1ln\u00ed \u017el\u00e1zky. Prvn\u00ed h\u00e1r\u00e1n\u00ed, zna\u010dkov\u00e1n\u00ed a dal\u0161\u00ed projevy souvisej\u00edc\u00ed s dosp\u00edv\u00e1n\u00edm. Necht\u011bn\u00e9 zab\u0159eznut\u00ed. Pl\u00e1novan\u00e9 vrhy a p\u00e9\u010de o pr\u00e1v\u011b narozen\u00e1 \u0161t\u011b\u0148\u00e1tka, ko\u0165\u00e1tka a jin\u00e1 ml\u00e1\u010f\u00e1tka. Zdravotn\u00ed vy\u0161et\u0159en\u00ed nutn\u00e1 k uchovn\u011bn\u00ed. Pomoc a podpora v ka\u017ed\u00e9 situaci V\u011bt\u0161inu z v\u00fd\u0161e uveden\u00e9ho mus\u00ed \u010das od \u010dasu \u0159e\u0161it ka\u017ed\u00fd majitel psa nebo ko\u010dky. S veterinou Praha nebudete na tyto situace sami. Jsme tu st\u00e1le pro V\u00e1s. Jsme p\u0159ipraveni poradit, poskytnout pomoc, o\u0161et\u0159en\u00ed, vy\u0161et\u0159en\u00ed i podporu. To v\u0161e s individu\u00e1ln\u00edm p\u0159\u00edstupem k V\u00e1m i ke zv\u00ed\u0159eti.                                                                                                                                                                                                                                                                                                                                                                                        3.3\/5 - (3 votes)        "},{"@context":"https:\/\/schema.org\/","@type":"BreadcrumbList","itemListElement":[{"@type":"ListItem","position":1,"name":"\u017divot s dom\u00e1c\u00edm mazl\u00ed\u010dkem p\u0159in\u00e1\u0161\u00ed spoustu radost\u00ed i starost\u00ed","item":"https:\/\/www.branavedeni.cz\/zivot-s-domacim-mazlickem-prinasi-spoustu-radosti-i-starosti\/#breadcrumbitem"}]}]